{"id":11816,"date":"2021-01-07T22:28:28","date_gmt":"2021-01-07T20:28:28","guid":{"rendered":"https:\/\/odrudej.pl\/?p=11816"},"modified":"2021-01-07T22:28:28","modified_gmt":"2021-01-07T20:28:28","slug":"co-przyniesie-nowy-rok","status":"publish","type":"post","link":"http:\/\/vaxhoib.cluster100.hosting.ovh.net\/index.php\/2021\/01\/07\/co-przyniesie-nowy-rok\/","title":{"rendered":"Co przyniesie Nowy Rok?"},"content":{"rendered":"<p>[et_pb_section fb_built=&quot;1&quot; specialty=&quot;on&quot; padding_top_bottom_link_1=&quot;false&quot; padding_top_bottom_link_2=&quot;false&quot; padding_left_right_link_1=&quot;false&quot; padding_left_right_link_2=&quot;false&quot; padding_top_1=&quot;0px&quot; padding_top_2=&quot;0px&quot; _builder_version=&quot;4.6.5&quot; _module_preset=&quot;default&quot; global_colors_info=&quot;{}&quot;][et_pb_column type=&quot;1_2&quot; _builder_version=&quot;3.25&quot; custom_padding=&quot;|||&quot; global_colors_info=&quot;{}&quot; custom_padding__hover=&quot;|||&quot;][et_pb_post_title meta=&quot;off&quot; featured_image=&quot;off&quot; _builder_version=&quot;4.6.5&quot; _module_preset=&quot;default&quot; title_font=&quot;Open Sans|700|||||||&quot; title_font_size=&quot;41px&quot; title_font_size_tablet=&quot;38px&quot; title_font_size_phone=&quot;36px&quot; title_font_size_last_edited=&quot;on|tablet&quot; global_colors_info=&quot;{}&quot;][\/et_pb_post_title][et_pb_blurb title=&quot;@ET-DC@eyJkeW5hbWljIjp0cnVlLCJjb250ZW50IjoicG9zdF9hdXRob3IiLCJzZXR0aW5ncyI6eyJiZWZvcmUiOiJUZWtzdCAiLCJhZnRlciI6IiIsIm5hbWVfZm9ybWF0IjoiZGlzcGxheV9uYW1lIiwibGluayI6Im9uIiwibGlua19kZXN0aW5hdGlvbiI6ImF1dGhvcl9hcmNoaXZlIn19@&quot; image=&quot;http:\/\/vaxhoib.cluster100.hosting.ovh.net\/wp-content\/uploads\/2020\/05\/odrudej-ja.jpg&quot; alt=&quot;Aneta Boritzka&quot; icon_placement=&quot;left&quot; image_icon_width=&quot;48px&quot; content_max_width=&quot;1100px&quot; _builder_version=&quot;4.13.0&quot; _dynamic_attributes=&quot;title,content&quot; header_font=&quot;Cardo|700|||||||&quot; body_font=&quot;||||||||&quot; body_line_height=&quot;1em&quot; custom_margin=&quot;9px||||false|false&quot; border_radii_image=&quot;on|70px|70px|70px|70px&quot; image_max_width=&quot;48px&quot; global_colors_info=&quot;{}&quot;]@ET-DC@eyJkeW5hbWljIjp0cnVlLCJjb250ZW50IjoicG9zdF9kYXRlIiwic2V0dGluZ3MiOnsiYmVmb3JlIjoiIiwiYWZ0ZXIiOiIiLCJkYXRlX2Zvcm1hdCI6ImRlZmF1bHQiLCJjdXN0b21fZGF0ZV9mb3JtYXQiOiIifX0=@[\/et_pb_blurb][\/et_pb_column][et_pb_column type=&quot;1_2&quot; specialty_columns=&quot;2&quot; _builder_version=&quot;3.25&quot; custom_padding=&quot;|||&quot; global_colors_info=&quot;{}&quot; custom_padding__hover=&quot;|||&quot;][\/et_pb_column][\/et_pb_section][et_pb_section fb_built=&quot;1&quot; _builder_version=&quot;4.6.5&quot; _module_preset=&quot;default&quot; custom_margin=&quot;-100px||0px||false|false&quot; global_colors_info=&quot;{}&quot; custom_padding__hover_enabled=&quot;on|desktop&quot;][et_pb_row use_custom_gutter=&quot;on&quot; make_equal=&quot;on&quot; module_id=&quot;nieszkodzic&quot; _builder_version=&quot;4.6.5&quot; _module_preset=&quot;default&quot; custom_margin=&quot;-20px||||false|false&quot; custom_margin_tablet=&quot;&quot; custom_margin_phone=&quot;&quot; custom_margin_last_edited=&quot;on|desktop&quot; global_colors_info=&quot;{}&quot;][et_pb_column type=&quot;4_4&quot; _builder_version=&quot;4.6.5&quot; _module_preset=&quot;default&quot; global_colors_info=&quot;{}&quot;][et_pb_text module_id=&quot;komfort&quot; _builder_version=&quot;4.8.2&quot; _module_preset=&quot;default&quot; header_font=&quot;Open Sans||||||||&quot; header_font_size=&quot;35px&quot; header_2_font=&quot;Open Sans||||||||&quot; header_2_font_size=&quot;28px&quot; global_colors_info=&quot;{}&quot;]<\/p>\n<p><span style=\"font-weight: 400;\">Nie wiem jak by\u0142o u Was, ale ja nie mog\u0142am doczeka\u0107 si\u0119 zako\u0144czenia roku 2020. By\u0142 to rok bardzo nieprzyjemny dla mnie. To nie by\u0142o tak, \u017ce czeka\u0142am z za\u0142o\u017conymi r\u0119kami, a\u017c rozpocznie si\u0119 2021 i wtedy w swoim \u017cyciu rozpoczn\u0119 wielkie zmiany. Natomiast by\u0142o tak, \u017ce cokolwiek chcia\u0142am rozpocz\u0105\u0107, cokolwiek chcia\u0142am zmieni\u0107, jako\u015b nie sz\u0142o to w tym kierunku co w\u00f3wczas chcia\u0142a. <\/span><\/p>\n<p><span style=\"font-weight: 400;\">Z ka\u017cdym miesi\u0105cem, mia\u0142am nadziej\u0119, \u017ce b\u0119dzie lepszy od poprzedniego, ale niestety tak si\u0119 nie zadzia\u0142o. Co mi natomiast przyni\u00f3s\u0142 rok 2020? Zepsuty samoch\u00f3d, posypa\u0142o si\u0119 moje zdrowie, spowodowa\u0142am po\u017car mieszkania, m\u00f3j m\u0105\u017c mia\u0142 odm\u0119 samoistn\u0105. Wymienia\u0107 dalej? Bo to nie wszystko. <\/span><\/p>\n<p><span style=\"font-weight: 400;\">Mog\u0142abym usi\u0105\u015b\u0107 i u\u017cala\u0107 si\u0119 nad sob\u0105. Tylko, co by mi to da\u0142o? W por\u00f3wnaniu z innymi, mog\u0142abym dzi\u0119kowa\u0107 Bogu, \u017ce mia\u0142am tak wspania\u0142y rok. Rok 2020 by\u0142 dla mnie bardzo nieprzyjemny, pojawi\u0142o si\u0119 mn\u00f3stwo czarnych \u0142ab\u0119dzi. Natomiast by\u0142 to rok, za kt\u00f3ry faktycznie mog\u0119 podzi\u0119kowa\u0107.\u00a0<\/span><\/p>\n<p><strong>\u201cTylko kryzys mo\u017ce otworzy\u0107 nam oczy. Im wi\u0119kszy, tym wi\u0119ksza szansa na to, \u017ce przyjrzymy si\u0119 sobie i swoim przekonaniom, i tym wi\u0119ksza b\u0119dzie szansa na zmian\u0119.\u201d\u00a0<\/strong><\/p>\n<p><span style=\"font-weight: 400;\">Poprzedni rok otworzy\u0142 mi oczy na wiele spraw. Przyjrza\u0142am si\u0119 bardziej sobie, swoim warto\u015bciom. Zada\u0142am sobie wiele trudnych pyta\u0144, bo by\u0142am do tego zmuszona, \u017ceby w ko\u0144cu sobie na nie odpowiedzie\u0107.\u00a0<\/span><\/p>\n<p>Zastanawia mnie i wci\u0105\u017c zadaje sobie to pytanie: Co przyniesie Nowy Rok?<\/p>\n<p><span style=\"font-weight: 400;\"><strong>\u201cJeste\u015bmy mistrzami zmiany OD, wynikaj\u0105cej z ucieczki. St\u0105d rozwody, u\u017cywki, przeprowadzki na wie\u015b, ucieczki z korporacji. Uciekamy od tego co mamy, ale przynosi nam to tylko chwilow\u0105 ulg\u0119. Gorzej jest ze zmian\u0105 DO, poniewa\u017c cz\u0119sto nie wiemy, do czego chcemy d\u0105\u017cy\u0107\u201d.<\/strong> Nie wiemy dok\u0105d zmierzamy, za czym tak biegamy. Chcemy szybkiej zmiany, kt\u00f3ra cho\u0107by chwilowo zmieni\u0142a nasz\u0105 sytuacj\u0119.\u00a0<\/span><\/p>\n<p>&nbsp;<\/p>\n<p>&nbsp;<\/p>\n<p>[\/et_pb_text][\/et_pb_column][\/et_pb_row][\/et_pb_section][et_pb_section fb_built=&quot;1&quot; _builder_version=&quot;4.6.5&quot; _module_preset=&quot;default&quot; custom_margin=&quot;-100px||0px||false|false&quot; global_colors_info=&quot;{}&quot; custom_padding__hover_enabled=&quot;on|desktop&quot;][et_pb_row use_custom_gutter=&quot;on&quot; make_equal=&quot;on&quot; module_id=&quot;nieszkodzic&quot; _builder_version=&quot;4.6.5&quot; _module_preset=&quot;default&quot; custom_margin=&quot;-20px||||false|false&quot; custom_margin_tablet=&quot;&quot; custom_margin_phone=&quot;&quot; custom_margin_last_edited=&quot;on|desktop&quot; global_colors_info=&quot;{}&quot;][et_pb_column type=&quot;4_4&quot; _builder_version=&quot;4.6.5&quot; _module_preset=&quot;default&quot; global_colors_info=&quot;{}&quot;][et_pb_image src=&quot;http:\/\/vaxhoib.cluster100.hosting.ovh.net\/wp-content\/uploads\/2021\/02\/Tablet-z-kalendarzem.jpg&quot; alt=&quot;Tablet z kalendarzem, co przyniese nowy rok 2021&quot; title_text=&quot;Planowanie roku 2021&quot; _builder_version=&quot;4.8.2&quot; _module_preset=&quot;default&quot; global_colors_info=&quot;{}&quot;][\/et_pb_image][et_pb_text module_id=&quot;komfort&quot; _builder_version=&quot;4.7.3&quot; _module_preset=&quot;default&quot; header_font=&quot;Open Sans||||||||&quot; header_font_size=&quot;35px&quot; header_2_font=&quot;Open Sans||||||||&quot; header_2_font_size=&quot;28px&quot; global_colors_info=&quot;{}&quot;]<\/p>\n<h2 style=\"text-align: center;\"><span style=\"font-weight: 400;\">Co przyniesie Nowy Rok? <\/span><\/h2>\n<p><span style=\"font-weight: 400;\">Rok 2020 by\u0142 dla mnie jednym z trudniejszych, natomiast wiele mnie nauczy\u0142. Gdyby nie zadzia\u0142o si\u0119 tak wiele nieprzyjemnych rzeczy, by\u0107 mo\u017ce wci\u0105\u017c by\u0142abym za\u015blepiona, a tak kryzys otworzy\u0142 mi oczy.\u00a0<\/span><\/p>\n<blockquote>\n<p><strong>\u201cKryzysy i trudno\u015bci s\u0105 wpisane w ci\u0105g \u017cycia, to jego naturalny element. A jednak rzadko przyjmowane s\u0105 z otwarto\u015bci\u0105 i zaciekawieniem. Zamiast tego wywo\u0142uj\u0105 zwykle bunt, niech\u0119\u0107, poczucie niesprawiedliwo\u015bci i pokrzywdzenia. Cz\u0119sto rozpatrywane s\u0105 jako nieuniknione przeznaczenie lub kara\u201d.<\/strong><\/p>\n<\/blockquote>\n<p><span style=\"font-weight: 400;\">Nie uwa\u017cam, \u017ce to co si\u0119 zadzia\u0142o, by\u0142o dla mnie jak\u0105\u015b kar\u0105. My\u015bl\u0119, \u017ce by\u0142o mi to po prostu potrzebne. Nie zrozumia\u0142am tego od razu, buntowa\u0142am si\u0119, czasami by\u0142am bezsilna, przera\u017cona, z\u0142a. <\/span><\/p>\n<p><span style=\"font-weight: 400;\">Natomiast z perspektywy czasu, zda\u0142am sobie spraw\u0119, \u017ce je\u017celi to by si\u0119 nie zadzia\u0142o, to nie zobaczy\u0142abym wielu rzeczy, nie poruszy\u0142bym wielu temat\u00f3w, nie zada\u0142abym sobie tych cennych trudnych pyta\u0144. Pozna\u0142am r\u00f3wnie\u017c si\u0142\u0119 &#8211; ta si\u0142a to RODZINA. Rodzina, kt\u00f3ra wspiera, wierzy w ciebie, podnosi na duchu, a przede wszystkim jest obecna i szczerze ch\u0119tna do pomocy. Za to wsparcie i pomoc mog\u0119 tutaj serdecznie podzi\u0119kowa\u0107! Wiem, \u017ce czytacie moje artyku\u0142y &#8211; dzi\u0119kuje, \u017ce znajdujecie na to czas, cho\u0107 sami jeste\u015bcie zapracowani.\u00a0<\/span><\/p>\n<p>[\/et_pb_text][et_pb_text module_id=&#8221;komfort&#8221; _builder_version=&#8221;4.7.3&#8243; _module_preset=&#8221;default&#8221; header_font=&#8221;Open Sans||||||||&#8221; header_font_size=&#8221;35px&#8221; header_2_font=&#8221;Open Sans||||||||&#8221; header_2_font_size=&#8221;30px&#8221; global_colors_info=&#8221;{}&#8221;]<\/p>\n<h2 style=\"text-align: center;\"><span style=\"font-weight: 400;\">Co przyniesie Nowy Rok? <\/span><\/h2>\n<p><span style=\"font-weight: 400;\">To by\u0142 zwariowany rok. Jeszcze bli\u017csze ni\u017c kiedykolwiek wcze\u015bniej sta\u0142y mi si\u0119 powiedzenia:\u00a0<\/span><\/p>\n<p><span style=\"font-weight: 400;\">\u201cnie ma tego z\u0142ego, \u017ceby na dobre nie wysz\u0142o\u201d, \u201cnic nie dzieje si\u0119 bez przyczyny\u201d, \u201cpo burzy przychodzi s\u0142o\u0144ce\u201d. Cho\u0107 na pocz\u0105tku denerwowa\u0142o mnie to, jak kto\u015b u\u017cywa\u0142 tych s\u0142\u00f3w skierowanych do mnie.<\/span><\/p>\n<p><span style=\"font-weight: 400;\"> Dzi\u015b mog\u0119 przyzna\u0107, \u017ce tak w\u0142a\u015bnie jest, tylko potrzebowa\u0142am czasu, \u017ceby zrozumie\u0107, po co mi by\u0142o takie zawirowanie.<\/span><\/p>\n<p><span style=\"font-weight: 400;\">Jeszcze jest jedno powiedzenie, kt\u00f3re cz\u0119sto u\u017cywamy, gdy zadziewa si\u0119 co\u015b nieprzyjemnego w naszym \u017cyciu. Celowo go wcze\u015bniej nie nadmieni\u0142am: <\/span><\/p>\n<p>\u201cCo Ci\u0119 nie zabije, to Ci\u0119 wzmocni\u201d bo jak to uj\u0105\u0142 doskonale Jacek Walkiewicz: \u201cCo nie zabije, to nie zabije. Wcale nie musi wzmacnia\u0107. Potrafi sponiewiera\u0107 na ca\u0142e \u017cycie\u201d.\u00a0<\/p>\n<p>[\/et_pb_text][et_pb_text module_id=&#8221;komfort&#8221; _builder_version=&#8221;4.8.2&#8243; _module_preset=&#8221;default&#8221; header_font=&#8221;Open Sans||||||||&#8221; header_font_size=&#8221;35px&#8221; header_2_font=&#8221;Open Sans||||||||&#8221; header_2_font_size=&#8221;28px&#8221; header_3_font_size=&#8221;26px&#8221; header_4_font_size=&#8221;24px&#8221; global_colors_info=&#8221;{}&#8221;]<\/p>\n<h3 style=\"text-align: center;\"><span style=\"font-weight: 400;\"><\/span><\/h3>\n<h3 style=\"text-align: center;\"><span style=\"font-weight: 400;\">Lekcje jakie ze sob\u0105 zabieram<\/span><\/h3>\n<p>&nbsp;<\/p>\n<blockquote>\n<p><em>\u201cLudziom wydaje si\u0119, \u017ce wszystkie nitki swojego \u017cycia trzymaj\u0105 w r\u0119kach i nagle dzieje si\u0119 co\u015b niespodziewanego, co wywraca to \u017cycie do g\u00f3ry nogami. Staj\u0105 w zdumieniu wobec tych nag\u0142ych meandr\u00f3w losu, czasami zawiedzeni i przegrani, a innym razem niebywale szcz\u0119\u015bliwi\u201d. J. Cygan<\/em><\/p>\n<p><em>\u201cRobi\u0105c bilans naszego \u017cycia, cz\u0119sto my\u015blimy o niewykorzystanych szansach i utraconych mo\u017cliwo\u015bciach. Ale poprzygl\u0105danie si\u0119 temu, co nas pcha do zmiany, co budzi emocje, pozwoli zobaczy\u0107 r\u00f3wnie\u017c to, co osi\u0105gn\u0119li\u015bmy, co nam si\u0119 uda\u0142o. Mo\u017ce odkryjemy, co jest naprawd\u0119 wa\u017cne, i odkryjemy co daje nam sens. &#8211; Dr. Agata Wytykowska &#8211; Kaczorek<\/em><\/p>\n<\/blockquote>\n<h4 style=\"text-align: center;\"><span style=\"text-decoration: underline;\"><span style=\"font-weight: 400;\">Co przyniesie Nowy Rok?\u00a0<\/span><\/span><\/h4>\n<p><span style=\"text-decoration: underline;\"><span style=\"font-weight: 400;\"><\/span><\/span><\/p>\n<p><span style=\"font-weight: 400;\">Nie mam poj\u0119cia, co przyniesie nowy rok, ale jestem pe\u0142na nadziei, \u017ce b\u0119dzie lepszy od poprzedniego. Mam nadziej\u0119, \u017ce pod koniec roku, b\u0119d\u0119 mog\u0142a podzieli\u0107 si\u0119 z Wami nowymi lekcjami. Postawi\u0142am sobie poprzeczk\u0119, czy uda mi si\u0119 j\u0105 przeskoczy\u0107? Nie mam poj\u0119cia, ale jedno wiem: WARTO PR\u00d3BOWA\u0106 I NIE PODDAWA\u0106 SI\u0118!\u00a0<\/span><\/p>\n<p><span style=\"text-decoration: underline;\"><span style=\"font-weight: 400;\">Koniecznie przeczytaj!<\/span><\/span><\/p>\n<p><span style=\"font-weight: 400;\"><a href=\"https:\/\/bogatystudent.pl\/jak-wyznaczac-noworoczne-cele\/\" target=\"_blank\" rel=\"noopener noreferrer\">Jak wyznaczy\u0107 postanowienia noworoczne?<\/a> <\/span><\/p>\n<p>[\/et_pb_text][et_pb_image src=&quot;http:\/\/vaxhoib.cluster100.hosting.ovh.net\/wp-content\/uploads\/2021\/02\/Liczby-2021.jpg&quot; alt=&quot;Rok 2021&quot; title_text=&quot;Rok Liczby 2021&quot; _builder_version=&quot;4.8.2&quot; _module_preset=&quot;default&quot; global_colors_info=&quot;{}&quot;][\/et_pb_image][\/et_pb_column][\/et_pb_row][\/et_pb_section][et_pb_section fb_built=&quot;1&quot; module_id=&quot;grupa&quot; _builder_version=&quot;4.7.3&quot; _module_preset=&quot;default&quot; custom_margin=&quot;-28px||||false|false&quot; global_colors_info=&quot;{}&quot;][et_pb_row module_id=&quot;nadzieja&quot; _builder_version=&quot;4.6.5&quot; _module_preset=&quot;default&quot; custom_margin=&quot;-20px||-20px||false|false&quot; global_colors_info=&quot;{}&quot;][et_pb_column type=&quot;4_4&quot; _builder_version=&quot;4.6.5&quot; _module_preset=&quot;default&quot; global_colors_info=&quot;{}&quot;][et_pb_text _builder_version=&quot;4.7.3&quot; _module_preset=&quot;default&quot; text_font=&quot;Open Sans||||||||&quot; text_font_size=&quot;18px&quot; global_colors_info=&quot;{}&quot;]<\/p>\n<p><strong><em>B\u0119dzie mi mi\u0142o, je\u015bli udost\u0119pnisz ten artyku\u0142 dalej! Dzi\u0119kuje!<\/em><\/strong><\/p>\n<p><strong><em><\/em><\/strong><\/p>\n<p><strong><em><\/em><\/strong><\/p>\n<p>[\/et_pb_text][et_pb_social_media_follow _builder_version=&#8221;4.6.5&#8243; _module_preset=&#8221;default&#8221; custom_margin=&#8221;-11px||-11px||false|false&#8221; global_colors_info=&#8221;{}&#8221;][et_pb_social_media_follow_network social_network=&#8221;facebook&#8221; _builder_version=&#8221;4.6.5&#8243; _module_preset=&#8221;default&#8221; background_color=&#8221;#3b5998&#8243; global_colors_info=&#8221;{}&#8221; follow_button=&#8221;off&#8221; url_new_window=&#8221;on&#8221;]facebook[\/et_pb_social_media_follow_network][et_pb_social_media_follow_network social_network=&#8221;twitter&#8221; _builder_version=&#8221;4.6.5&#8243; _module_preset=&#8221;default&#8221; background_color=&#8221;#00aced&#8221; global_colors_info=&#8221;{}&#8221; follow_button=&#8221;off&#8221; url_new_window=&#8221;on&#8221;]twitter[\/et_pb_social_media_follow_network][et_pb_social_media_follow_network social_network=&#8221;instagram&#8221; _builder_version=&#8221;4.6.5&#8243; _module_preset=&#8221;default&#8221; background_color=&#8221;#ea2c59&#8243; global_colors_info=&#8221;{}&#8221; follow_button=&#8221;off&#8221; url_new_window=&#8221;on&#8221;]instagram[\/et_pb_social_media_follow_network][et_pb_social_media_follow_network social_network=&#8221;pinterest&#8221; _builder_version=&#8221;4.6.5&#8243; _module_preset=&#8221;default&#8221; background_color=&#8221;#cb2027&#8243; global_colors_info=&#8221;{}&#8221; follow_button=&#8221;off&#8221; url_new_window=&#8221;on&#8221;]pinterest[\/et_pb_social_media_follow_network][et_pb_social_media_follow_network social_network=&#8221;rss&#8221; _builder_version=&#8221;4.6.5&#8243; _module_preset=&#8221;default&#8221; background_color=&#8221;#ff8a3c&#8221; global_colors_info=&#8221;{}&#8221; follow_button=&#8221;off&#8221; url_new_window=&#8221;on&#8221;]rss[\/et_pb_social_media_follow_network][\/et_pb_social_media_follow][\/et_pb_column][\/et_pb_row][\/et_pb_section][et_pb_section fb_built=&#8221;1&#8243; admin_label=&#8221;Related Articles&#8221; _builder_version=&#8221;4.6.5&#8243; custom_margin=&#8221;-100px||||false|false&#8221; global_colors_info=&#8221;{}&#8221;][et_pb_row _builder_version=&#8221;4.6.5&#8243; global_colors_info=&#8221;{}&#8221;][et_pb_column type=&#8221;4_4&#8243; _builder_version=&#8221;3.26.6&#8243; global_colors_info=&#8221;{}&#8221;][et_pb_text _builder_version=&#8221;3.27.4&#8243; header_2_font=&#8221;Montserrat|700|||||||&#8221; header_2_font_size=&#8221;70px&#8221; header_2_line_height=&#8221;1.2em&#8221; max_width=&#8221;750px&#8221; header_2_font_size_tablet=&#8221;48px&#8221; header_2_font_size_phone=&#8221;36px&#8221; header_2_font_size_last_edited=&#8221;on|desktop&#8221; locked=&#8221;off&#8221; global_colors_info=&#8221;{}&#8221;]<\/p>\n<h2>Related Articles<\/h2>\n<p>[\/et_pb_text][et_pb_text _builder_version=&#8221;4.6.5&#8243; text_font=&#8221;Poppins|700|||||||&#8221; text_text_color=&#8221;rgba(0,0,0,0.06)&#8221; text_font_size=&#8221;107px&#8221; text_line_height=&#8221;1.2em&#8221; custom_margin=&#8221;-120px|||-120px|false|false&#8221; custom_margin_tablet=&#8221;-90px|||-60px|false|false&#8221; custom_margin_phone=&#8221;-70px|||-40px|false|false&#8221; custom_margin_last_edited=&#8221;on|desktop&#8221; text_font_size_tablet=&#8221;80px&#8221; text_font_size_phone=&#8221;60px&#8221; text_font_size_last_edited=&#8221;on|phone&#8221; locked=&#8221;off&#8221; global_colors_info=&#8221;{}&#8221;]<\/p>\n<p><span style=\"color: rgba(0, 0, 0, 0.06);\">Related<\/span><\/p>\n<p>[\/et_pb_text][et_pb_blog fullwidth=&#8221;off&#8221; posts_number=&#8221;3&#8243; include_categories=&#8221;current&#8221; show_thumbnail=&#8221;off&#8221; show_more=&#8221;on&#8221; show_excerpt=&#8221;off&#8221; show_pagination=&#8221;off&#8221; _builder_version=&#8221;4.6.5&#8243; header_level=&#8221;h4&#8243; header_font=&#8221;Open Sans|700|||||||&#8221; header_font_size=&#8221;22px&#8221; header_line_height=&#8221;1.4em&#8221; meta_font=&#8221;Open Sans||||||||&#8221; meta_font_size=&#8221;12px&#8221; meta_line_height=&#8221;1.8em&#8221; read_more_font=&#8221;|600||on|||||&#8221; read_more_text_color=&#8221;#fa6900&#8243; read_more_font_size=&#8221;12px&#8221; read_more_letter_spacing=&#8221;4px&#8221; read_more_line_height=&#8221;1.8em&#8221; text_orientation=&#8221;center&#8221; border_color_all=&#8221;#e6e6e6&#8243; global_colors_info=&#8221;{}&#8221;][\/et_pb_blog][\/et_pb_column][\/et_pb_row][\/et_pb_section]<\/p>\n","protected":false},"excerpt":{"rendered":"<p>Nie wiem jak by\u0142o u Was, ale ja nie mog\u0142am doczeka\u0107 si\u0119 zako\u0144czenia roku 2020. By\u0142 to rok bardzo nieprzyjemny dla mnie. To nie by\u0142o tak, \u017ce czeka\u0142am z za\u0142o\u017conymi r\u0119kami, a\u017c rozpocznie si\u0119 2021 i wtedy w swoim \u017cyciu rozpoczn\u0119 wielkie zmiany. Natomiast by\u0142o tak, \u017ce cokolwiek chcia\u0142am rozpocz\u0105\u0107, cokolwiek chcia\u0142am zmieni\u0107, jako\u015b nie [&hellip;]<\/p>\n","protected":false},"author":3,"featured_media":11977,"comment_status":"open","ping_status":"open","sticky":false,"template":"","format":"standard","meta":{"_et_pb_use_builder":"on","_et_pb_old_content":"<div class=\"boldgrid-section\"><div class=\"container\"><div class=\"row\"><div class=\"col-md-12 col-xs-12 col-sm-12\"><p>\u00a0<\/p><\/div><\/div><\/div><\/div>","_et_gb_content_width":"","footnotes":""},"categories":[2,5],"tags":[9,10,457,567,631,755,817,865,955,982,1130,1190],"class_list":["post-11816","post","type-post","status-publish","format-standard","has-post-thumbnail","hentry","category-blog-odrudej","category-rozwoj-osobisty","tag-9","tag-10","tag-kryzys","tag-mozliwosci","tag-nowy-rok","tag-pozegnanie-starego-roku","tag-psychologia","tag-rok-2021","tag-stary-rok","tag-szansa","tag-zakonczenie-roku-2020","tag-zycie"],"_links":{"self":[{"href":"http:\/\/vaxhoib.cluster100.hosting.ovh.net\/index.php\/wp-json\/wp\/v2\/posts\/11816","targetHints":{"allow":["GET"]}}],"collection":[{"href":"http:\/\/vaxhoib.cluster100.hosting.ovh.net\/index.php\/wp-json\/wp\/v2\/posts"}],"about":[{"href":"http:\/\/vaxhoib.cluster100.hosting.ovh.net\/index.php\/wp-json\/wp\/v2\/types\/post"}],"author":[{"embeddable":true,"href":"http:\/\/vaxhoib.cluster100.hosting.ovh.net\/index.php\/wp-json\/wp\/v2\/users\/3"}],"replies":[{"embeddable":true,"href":"http:\/\/vaxhoib.cluster100.hosting.ovh.net\/index.php\/wp-json\/wp\/v2\/comments?post=11816"}],"version-history":[{"count":0,"href":"http:\/\/vaxhoib.cluster100.hosting.ovh.net\/index.php\/wp-json\/wp\/v2\/posts\/11816\/revisions"}],"wp:featuredmedia":[{"embeddable":true,"href":"http:\/\/vaxhoib.cluster100.hosting.ovh.net\/index.php\/wp-json\/"}],"wp:attachment":[{"href":"http:\/\/vaxhoib.cluster100.hosting.ovh.net\/index.php\/wp-json\/wp\/v2\/media?parent=11816"}],"wp:term":[{"taxonomy":"category","embeddable":true,"href":"http:\/\/vaxhoib.cluster100.hosting.ovh.net\/index.php\/wp-json\/wp\/v2\/categories?post=11816"},{"taxonomy":"post_tag","embeddable":true,"href":"http:\/\/vaxhoib.cluster100.hosting.ovh.net\/index.php\/wp-json\/wp\/v2\/tags?post=11816"}],"curies":[{"name":"wp","href":"https:\/\/api.w.org\/{rel}","templated":true}]}}