{"id":12359,"date":"2021-03-05T12:23:23","date_gmt":"2021-03-05T10:23:23","guid":{"rendered":"https:\/\/odrudej.pl\/?p=12359"},"modified":"2021-03-05T12:23:23","modified_gmt":"2021-03-05T10:23:23","slug":"jak-wybrac-przedszkole","status":"publish","type":"post","link":"http:\/\/vaxhoib.cluster100.hosting.ovh.net\/index.php\/2021\/03\/05\/jak-wybrac-przedszkole\/","title":{"rendered":"Jak wybra\u0107 przedszkole?"},"content":{"rendered":"\n[et_pb_section fb_built=&quot;1&quot; specialty=&quot;on&quot; padding_top_bottom_link_1=&quot;false&quot; padding_top_bottom_link_2=&quot;false&quot; padding_left_right_link_1=&quot;false&quot; padding_left_right_link_2=&quot;false&quot; padding_top_1=&quot;0px&quot; padding_top_2=&quot;0px&quot; _builder_version=&quot;4.6.5&quot; _module_preset=&quot;default&quot;][et_pb_column type=&quot;1_2&quot; _builder_version=&quot;3.25&quot; custom_padding=&quot;|||&quot; custom_padding__hover=&quot;|||&quot;][et_pb_post_title meta=&quot;off&quot; featured_image=&quot;off&quot; _builder_version=&quot;4.6.5&quot; _module_preset=&quot;default&quot; title_font=&quot;Open Sans|700|||||||&quot; title_font_size=&quot;41px&quot; title_font_size_tablet=&quot;38px&quot; title_font_size_phone=&quot;36px&quot; title_font_size_last_edited=&quot;on|tablet&quot;][\/et_pb_post_title][et_pb_blurb title=&quot;@ET-DC@eyJkeW5hbWljIjp0cnVlLCJjb250ZW50IjoicG9zdF9hdXRob3IiLCJzZXR0aW5ncyI6eyJiZWZvcmUiOiJUZWtzdCAiLCJhZnRlciI6IiIsIm5hbWVfZm9ybWF0IjoiZGlzcGxheV9uYW1lIiwibGluayI6Im9uIiwibGlua19kZXN0aW5hdGlvbiI6ImF1dGhvcl9hcmNoaXZlIn19@&quot; image=&quot;http:\/\/vaxhoib.cluster100.hosting.ovh.net\/wp-content\/uploads\/2020\/05\/odrudej-ja.jpg&quot; alt=&quot;Aneta Boritzka&quot; icon_placement=&quot;left&quot; image_max_width=&quot;48px&quot; content_max_width=&quot;1100px&quot; _builder_version=&quot;4.6.5&quot; _dynamic_attributes=&quot;title,content&quot; header_font=&quot;Cardo|700|||||||&quot; body_font=&quot;||||||||&quot; body_line_height=&quot;1em&quot; custom_margin=&quot;9px||||false|false&quot; border_radii_image=&quot;on|70px|70px|70px|70px&quot;]@ET-DC@eyJkeW5hbWljIjp0cnVlLCJjb250ZW50IjoicG9zdF9kYXRlIiwic2V0dGluZ3MiOnsiYmVmb3JlIjoiIiwiYWZ0ZXIiOiIiLCJkYXRlX2Zvcm1hdCI6ImRlZmF1bHQiLCJjdXN0b21fZGF0ZV9mb3JtYXQiOiIifX0=@[\/et_pb_blurb][\/et_pb_column][et_pb_column type=&quot;1_2&quot; specialty_columns=&quot;2&quot; _builder_version=&quot;3.25&quot; custom_padding=&quot;|||&quot; custom_padding__hover=&quot;|||&quot;][\/et_pb_column][\/et_pb_section][et_pb_section fb_built=&quot;1&quot; _builder_version=&quot;4.6.5&quot; _module_preset=&quot;default&quot; custom_margin=&quot;-100px||0px||false|false&quot; custom_padding__hover_enabled=&quot;on|desktop&quot;][et_pb_row use_custom_gutter=&quot;on&quot; make_equal=&quot;on&quot; module_id=&quot;nieszkodzic&quot; _builder_version=&quot;4.6.5&quot; _module_preset=&quot;default&quot; custom_margin=&quot;-20px||||false|false&quot; custom_margin_tablet=&quot;&quot; custom_margin_phone=&quot;&quot; custom_margin_last_edited=&quot;on|desktop&quot;][et_pb_column type=&quot;4_4&quot; _builder_version=&quot;4.6.5&quot; _module_preset=&quot;default&quot;][et_pb_text module_id=&quot;komfort&quot; _builder_version=&quot;4.9.1&quot; _module_preset=&quot;default&quot; header_font=&quot;Open Sans||||||||&quot; header_font_size=&quot;35px&quot; header_2_font=&quot;Open Sans||||||||&quot; header_2_font_size=&quot;28px&quot; hover_enabled=&quot;0&quot; sticky_enabled=&quot;0&quot;]<h1 style=\"text-align: center;\"><span style=\"font-weight: 400;\">Jak wybra\u0107 przedszkole?<br \/><\/span><\/h1>\n<p><span style=\"font-weight: 400;\">Wyb\u00f3r przedszkola dla dziecka &#8211; jedna z\u00a0 najwa\u017cniejszych decyzji jakie podejmujemy w pierwszych latach \u017cycia naszego dziecka. <strong>Wyb\u00f3r przedszkola, b\u0119dzie mia\u0142 decyduj\u0105cy wp\u0142yw na jego rozw\u00f3j i dalsz\u0105 przysz\u0142o\u015b\u0107. Jak wybra\u0107 przedszkole?<\/strong><\/span><\/p>\n<p><span style=\"font-weight: 400;\"> Niekt\u00f3rzy rodzice w og\u00f3le nie przywi\u0105zuj\u0105 wagi do tego, gdzie nasze dziecko p\u00f3jdzie do przedszkola. Wa\u017cne jest dla nich to, \u017ceby po prostu by\u0142o blisko i tanio. Niekt\u00f3rzy rodzice, wr\u0119cz odwrotnie &#8211; jest im oboj\u0119tne jak daleko przedszkole b\u0119dzie si\u0119 znajdowa\u0107, ale musi by\u0107 najlepsze dla naszego dziecka. <em><strong>Co znaczy najlepsze dla dziecka? Ka\u017cdy rodzic interpretuje to ju\u017c na sw\u00f3j spos\u00f3b. <br \/><\/strong><\/em><\/span><\/p>[\/et_pb_text][et_pb_image src=&quot;http:\/\/vaxhoib.cluster100.hosting.ovh.net\/wp-content\/uploads\/2021\/03\/gra-na-gitarze.jpg&quot; alt=&quot;Jakie wybra\u0107 przedszkole?&quot; title_text=&quot;Jakie wybra\u0107 przedszkole?&quot; _builder_version=&quot;4.9.0&quot; _module_preset=&quot;default&quot;][\/et_pb_image][et_pb_code _builder_version=&quot;4.8.2&quot; _module_preset=&quot;default&quot;]<script async src=\"https:\/\/cse.google.com\/cse.js?cx=2b51faa64b54b0606\"><\/script><!-- [et_pb_line_break_holder] --><div class=\"gcse-search\"><\/div>[\/et_pb_code][\/et_pb_column][\/et_pb_row][et_pb_row use_custom_gutter=&#8221;on&#8221; make_equal=&#8221;on&#8221; module_id=&#8221;nieszkodzic&#8221; _builder_version=&#8221;4.6.5&#8243; _module_preset=&#8221;default&#8221; custom_margin=&#8221;-20px||||false|false&#8221; custom_margin_tablet=&#8221;&#8221; custom_margin_phone=&#8221;&#8221; custom_margin_last_edited=&#8221;on|desktop&#8221;][et_pb_column type=&#8221;4_4&#8243; _builder_version=&#8221;4.6.5&#8243; _module_preset=&#8221;default&#8221;][et_pb_text module_id=&#8221;komfort&#8221; _builder_version=&#8221;4.9.1&#8243; _module_preset=&#8221;default&#8221; header_font=&#8221;Open Sans||||||||&#8221; header_font_size=&#8221;35px&#8221; header_2_font=&#8221;Open Sans||||||||&#8221; header_2_font_size=&#8221;28px&#8221; hover_enabled=&#8221;0&#8243; sticky_enabled=&#8221;0&#8243;]<h2 style=\"text-align: center;\"><span style=\"font-weight: 400;\">Jak wybra\u0107 przedszkole? Prywatne czy Pa\u0144stwowe?\u00a0<\/span><\/h2>\n<p><span style=\"font-weight: 400;\">Wydawa\u0107 by si\u0119 mog\u0142o, \u017ce wi\u0119kszo\u015b\u0107 rodzic\u00f3w je\u015bli tylko mia\u0142aby mo\u017cliwo\u015b\u0107 to wys\u0142a\u0142by swoje dziecko tylko do przedszkola prywatnego. Natomiast wcale tak nie jest. Niekt\u00f3rzy rodzice s\u0105 zwolennikami przedszkola pa\u0144stwowego, inni prywatnego.\u00a0<\/span><\/p>\n<p><span style=\"font-weight: 400;\"><em>\u201cChodzi\u0142am do przedszkola pa\u0144stwowego, nic mi tam nie brakowa\u0142o. Tyle co by\u0142o trzeba to si\u0119 nauczy\u0142am. Teraz jestem lekarzem. Po co mam wi\u0119c dziecko posy\u0142a\u0107 do prywatnego przedszkola?\u201d<\/em> &#8211; Ania\u00a0<\/span><\/p>\n<p><span style=\"font-weight: 400;\"><em>\u201cKuba chodzi\u0142 do przedszkola prywatnego, sko\u0144czy\u0142 szko\u0142\u0119 prywatn\u0105, nie osi\u0105gn\u0105\u0142 wiele wi\u0119cej jak m\u00f3j Sta\u015b, jak dla mnie by\u0142y to pieni\u0105dze wyrzucone w b\u0142oto.\u201d<\/em>&#8211; Magda\u00a0<\/span><\/p>\n<p><span style=\"font-weight: 400;\"><em>\u201cZdecydowanie polecam przedszkole prywatne, moje dziecko tak wiele si\u0119 w nim nauczy\u0142o. Poza tym jest mniej dzieci w grupie jak w przedszkolu pa\u0144stwowym, co oznacza, \u017ce ma lepsz\u0105 opiek\u0119. Nie pos\u0142a\u0142abym do przedszkola pa\u0144stwowego.\u201d<\/em>&#8211; Beata\u00a0<\/span><\/p>\n<p><span style=\"font-weight: 400;\">Tak mo\u017cna w niesko\u0144czono\u015b\u0107. Ka\u017cdy rodzic ma indywidualn\u0105 opini\u0119 na temat przedszkola. <strong>Nie przekonasz si\u0142\u0105 rodzica, \u017ce przedszkole prywatne jest zdecydowanie lepsze ani, \u017ce przedszkole pa\u0144stwowe jest zupe\u0142nie wystarczaj\u0105ce dla dziecka.\u00a0<\/strong><\/span><\/p>[\/et_pb_text][et_pb_image src=&quot;http:\/\/vaxhoib.cluster100.hosting.ovh.net\/wp-content\/uploads\/2021\/03\/Zabawa-w-grupie.jpg&quot; alt=&quot;Jakie wybra\u0107 przedszkole?&quot; title_text=&quot;Dzieci rysuj\u0105 w przedszkolu&quot; _builder_version=&quot;4.9.0&quot; _module_preset=&quot;default&quot;][\/et_pb_image][\/et_pb_column][\/et_pb_row][et_pb_row use_custom_gutter=&quot;on&quot; make_equal=&quot;on&quot; module_id=&quot;nieszkodzic&quot; _builder_version=&quot;4.6.5&quot; _module_preset=&quot;default&quot; custom_margin=&quot;-20px||||false|false&quot; custom_margin_tablet=&quot;&quot; custom_margin_phone=&quot;&quot; custom_margin_last_edited=&quot;on|desktop&quot;][et_pb_column type=&quot;4_4&quot; _builder_version=&quot;4.6.5&quot; _module_preset=&quot;default&quot;][et_pb_text module_id=&quot;komfort&quot; _builder_version=&quot;4.9.1&quot; _module_preset=&quot;default&quot; header_font=&quot;Open Sans||||||||&quot; header_font_size=&quot;35px&quot; header_2_font=&quot;Open Sans||||||||&quot; header_2_font_size=&quot;28px&quot; header_3_font_size=&quot;25px&quot; hover_enabled=&quot;0&quot; sticky_enabled=&quot;0&quot;]<h3 style=\"text-align: center;\"><span style=\"font-weight: 400;\">Jak wybra\u0107 przedszkole?\u00a0<\/span><\/h3>\n<p><span style=\"font-weight: 400;\">Niekt\u00f3rzy rodzice nie maj\u0105 wyboru, poniewa\u017c nie sta\u0107 ich na przedszkole prywatne, zatem nawet si\u0119 nad nim nie zastanawiaj\u0105. Z kolei inni rodzice, chcieliby pos\u0142a\u0107 do przedszkola pa\u0144stwowego, ale niestety jest bardzo ob\u0142o\u017cone, nie dostan\u0105 zatem gwarancji, \u017ce ich dziecko zostanie przyj\u0119te, poniewa\u017c decyduje nie kolejno\u015b\u0107 zg\u0142osze\u0144, ale punktacja jak\u0105 si\u0119 otrzyma (na punktacj\u0119 sk\u0142ada si\u0119 sytuacja rodzinna: jaka jest sytuacja materialna, czy rodzic samotnie wychowuje dziecko, czy do tego przedszkola ucz\u0119szcza ju\u017c rodze\u0144stwo, czy dziecko pochodzi z rodziny wielodzietnej itp.)\u00a0<\/span><\/p>\n<p><strong>Co je\u015bli nie zakwalifikowali\u015bmy si\u0119 do przedszkola pa\u0144stwowego?<\/strong><span style=\"font-weight: 400;\"> Jakie przedszkole wybra\u0107? Zosta\u0142y nam oczywi\u015bcie do wyboru przedszkola prywatne, ale tam te\u017c trzeba zadecydowa\u0107, kt\u00f3re przedszkole prywatne b\u0119dzie najlepsze dla naszego dziecka.\u00a0<\/span><\/p>\n<p><strong>Wyb\u00f3r przedszkola prywatnego &#8211; na co ja szczeg\u00f3lnie zwr\u00f3ci\u0142am uwag\u0119.\u00a0<\/strong><\/p>\n<ol>\n<li style=\"font-weight: 400;\" aria-level=\"1\"><span style=\"font-weight: 400;\">Kontakt z dyrektorem i kadr\u0105 &#8211; je\u015bli zauwa\u017cy\u0142am, \u017ce nie maj\u0105 czasu na to, by udzieli\u0107 mi odpowiedzi na pytania, kt\u00f3re mnie interesowa\u0142y, b\u0105d\u017a nie potrafi\u0142y udzieli\u0107 jednoznacznej odpowiedzi &#8211; da\u0142o mi to do my\u015blenia. Je\u015bli w pierwszym kontakcie nie wykaza\u0142y do mnie szacunku, by po\u015bwi\u0119ci\u0107 mi troch\u0119 czasu, to zada\u0142am sobie pytanie: jak b\u0119dzie p\u00f3\u017aniej nasza wsp\u00f3\u0142praca wygl\u0105da\u0142a? Dzi\u0119ki pierwszej rozmowie odpad\u0142y mi z listy cztery przedszkola &#8211; bra\u0142am je za pewnik, \u017ce do jednego z nich p\u00f3jdzie moje dziecko. Niestety, ale zrezygnowa\u0142am.\u00a0<\/span><\/li>\n<li style=\"font-weight: 400;\" aria-level=\"1\"><span style=\"font-weight: 400;\">Jak liczne s\u0105 grupy dzieci i ile wychowawc\u00f3w przypada na jedn\u0105 grup\u0119. Dla mnie grupa sk\u0142adaj\u0105ca si\u0119 z 20 dzieci jest zdecydowanie za du\u017ca. Sama by\u0142am wychowawc\u0105 w plac\u00f3wce, dlatego poprzez swoje do\u015bwiadczenie, zwracam na to szczeg\u00f3ln\u0105 uwag\u0119.\u00a0<\/span><\/li>\n<li style=\"font-weight: 400;\" aria-level=\"1\"><span style=\"font-weight: 400;\">Zbyt wiele zaj\u0119\u0107 &#8211; niekt\u00f3re przedszkola prywatne, chc\u0105 a\u017c za bardzo wype\u0142ni\u0107 czas dziecku r\u00f3\u017cnymi zaj\u0119ciami, kt\u00f3re maj\u0105 na celu oczywi\u015bcie uczy\u0107 i rozwija\u0107. W swojej ofercie maj\u0105 wymienione: j\u0119zyk hiszpa\u0144ski 2 x w tygodniu, j\u0119zyk angielski 2 x razy w tygodniu, j\u0119zyk w\u0142oski raz w tygodniu (mo\u017cliwo\u015b\u0107 rezygnacji) zaj\u0119cia karate, rytmika, origami, zaj\u0119cia plastyczne, basen, nauka na instrumencie (instrument wybiera dziecko), zaj\u0119cia przygotowywanie posi\u0142k\u00f3w, zaj\u0119cia na lew\u0105 p\u00f3\u0142kule m\u00f3zgu &#8211; STOP! Za du\u017co! Zdecydowanie za du\u017co, kiedy dziecko ma czas na to by po prostu pogrzeba\u0107 \u0142opatk\u0105 w piasku, szarpn\u0105\u0107 drugie dziecko i zobaczy\u0107 konsekwencje swojego post\u0119powania? Kiedy dziecko tam ma czas na wyb\u00f3r zabawy, kt\u00f3r\u0105 sobie wymy\u015bli\u0142o? Je\u015bli grafik jest dopi\u0119ty co do minuty? Absolutnie nie ma czasu na nud\u0119, bo jak? Natomiast zdecydowanie mo\u017cna by\u0107 pewnym, \u017ce dziecko po przyj\u015bciu z takiego przedszkola, b\u0119dzie na tyle zm\u0119czone, \u017ce w g\u0142owie b\u0119dzie mia\u0142o tylko \u0142\u00f3\u017cko i odpoczynek.<\/span><\/li>\n<li style=\"font-weight: 400;\" aria-level=\"1\"><span style=\"font-weight: 400;\">Zaproszenie do obejrzenia przedszkola &#8211;\u00a0 jest to bardzo mi\u0142e ze strony kadry, \u017ce chc\u0105 pokaza\u0107 mi swoje przedszkole, po\u015bwi\u0119ci\u0107 czas na rozmow\u0119 i jak to jedna pani dyrektor powiedzia\u0142a: \u201cdobrze jest te\u017c sprawdzi\u0107 jak dziecko, czuje si\u0119 w naszym przedszkolu\u201d &#8211; te s\u0142owa by\u0142y dla mnie bardzo warto\u015bciowe, pani dyrektor zwraca uwag\u0119 na uczucia dziecka i chce, by dziecko czu\u0142o si\u0119 w tym miejscu bezpieczne, wa\u017cne i zaopiekowane.\u00a0<\/span><\/li>\n<\/ol>[\/et_pb_text][et_pb_image src=&quot;http:\/\/vaxhoib.cluster100.hosting.ovh.net\/wp-content\/uploads\/2021\/03\/przedszkole.jpg&quot; alt=&quot;Jakie wybra\u0107 przedszkole?&quot; title_text=&quot;Jakie wybra\u0107 przedszkole?&quot; _builder_version=&quot;4.9.0&quot; _module_preset=&quot;default&quot;][\/et_pb_image][\/et_pb_column][\/et_pb_row][et_pb_row use_custom_gutter=&quot;on&quot; make_equal=&quot;on&quot; module_id=&quot;nieszkodzic&quot; _builder_version=&quot;4.6.5&quot; _module_preset=&quot;default&quot; custom_margin=&quot;-20px||||false|false&quot; custom_margin_tablet=&quot;&quot; custom_margin_phone=&quot;&quot; custom_margin_last_edited=&quot;on|desktop&quot;][et_pb_column type=&quot;4_4&quot; _builder_version=&quot;4.6.5&quot; _module_preset=&quot;default&quot;][et_pb_text module_id=&quot;komfort&quot; _builder_version=&quot;4.9.0&quot; _module_preset=&quot;default&quot; header_font=&quot;Open Sans||||||||&quot; header_font_size=&quot;35px&quot; header_2_font=&quot;Open Sans||||||||&quot; header_2_font_size=&quot;28px&quot; header_4_font_size=&quot;22px&quot;]<h4 style=\"text-align: center;\"><span style=\"font-weight: 400;\">Jakie polecam przedszkola Nowa Huta i okolice<\/span><\/h4>\n<p><span style=\"font-weight: 400;\">By\u0107 mo\u017ce pochodzisz z okolic Krakowa, zatem mo\u017ce zainteresowa\u0107 Ci\u0119 lista przedszkoli jakie mog\u0119 Ci poleci\u0107:\u00a0<\/span><\/p>\n<ul>\n<li style=\"font-weight: 400;\" aria-level=\"1\"><a href=\"https:\/\/akademiamalycheinsteinow.pl\/\"><span style=\"font-weight: 400;\">Akademia Ma\u0142ych Einstein\u00f3w <\/span><\/a><span style=\"font-weight: 400;\">&#8211; m\u00f3j faworyt!\u00a0<\/span><\/li>\n<li style=\"font-weight: 400;\" aria-level=\"1\"><a href=\"https:\/\/www.facebook.com\/niepubliczneprzedszkolebajkowadolink\/\"><span style=\"font-weight: 400;\">Bajkowa Dolina<\/span><\/a><span style=\"font-weight: 400;\"> &#8211; maj\u0105 przedszkole prywatne jak i pa\u0144stwowe<\/span><\/li>\n<li style=\"font-weight: 400;\" aria-level=\"1\"><a href=\"https:\/\/www.przedszkolehighfive.pl\/\"><span style=\"font-weight: 400;\">Przedszkole High Five<\/span><\/a><\/li>\n<li style=\"font-weight: 400;\" aria-level=\"1\"><a href=\"https:\/\/podmagnolia.pl\/?gclid=Cj0KCQiAyoeCBhCTARIsAOfpKxi8tFs1nG3rvi8AZlhOFS5aEMbsIgz4hObqzkNmOrJ289NxVLlgvh8aAm_eEALw_wcB\"><span style=\"font-weight: 400;\">Przedszkole Pod Magnoli\u0105<\/span><\/a><\/li>\n<li style=\"font-weight: 400;\" aria-level=\"1\"><a href=\"http:\/\/www.glukusie.pl\/?gclid=Cj0KCQiAyoeCBhCTARIsAOfpKxiQqbptzFdo_5J5EZDfpnXF0FbN1a5xYVzexW7_J2Xc2upfPzylhucaAiZ7EALw_wcB\"><span style=\"font-weight: 400;\">Przedszkole Glukusie\u00a0<\/span><\/a><\/li>\n<\/ul>\n<p><span style=\"font-weight: 400;\"><strong>Jakie artyku\u0142u mog\u0105 Ci\u0119 zainteresowa\u0107?<\/strong> <\/span><\/p>\n<ul>\n<li><span style=\"font-weight: 400;\"><a href=\"http:\/\/vaxhoib.cluster100.hosting.ovh.net\/gdzie-jestes-tato\/\">Gdzie jeste\u015b tato?<\/a> <\/span><\/li>\n<li><span style=\"font-weight: 400;\"><a href=\"http:\/\/vaxhoib.cluster100.hosting.ovh.net\/co-czuje-twoje-dziecko-gdy-korzystasz-z-telefonu\/\">Co czuje Twoje dziecko, gdy korzystasz z telefonu?<\/a> <\/span><\/li>\n<li><a href=\"http:\/\/vaxhoib.cluster100.hosting.ovh.net\/rodzicecyfrowychdzieci\/\"><span style=\"font-weight: 400;\">Rodzice Cyfrowych Dzieci<\/span><\/a><\/li>\n<li><a href=\"http:\/\/vaxhoib.cluster100.hosting.ovh.net\/czy-twoje-dziecko-czuje-sie-bezpiecznie\/\"><span style=\"font-weight: 400;\">Czy Twoje Dziecko Czuje si\u0119 Bezpiecznie?<\/span><\/a><\/li>\n<li><a href=\"http:\/\/vaxhoib.cluster100.hosting.ovh.net\/jak-byc-wydajnym-zapracowana-mama\/\">Jak by\u0107 wydajnym jako zapracowana mama?<\/a><\/li>\n<\/ul>\n<p><span style=\"font-weight: 400;\"><\/span><\/p>[\/et_pb_text][et_pb_image src=&quot;http:\/\/vaxhoib.cluster100.hosting.ovh.net\/wp-content\/uploads\/2021\/03\/przedszkole.jpg&quot; alt=&quot;Najlepsze przedszkole jakie polecam&quot; title_text=&quot;Przedszkole jakie polecam&quot; _builder_version=&quot;4.9.0&quot; _module_preset=&quot;default&quot;][\/et_pb_image][\/et_pb_column][\/et_pb_row][\/et_pb_section][et_pb_section fb_built=&quot;1&quot; module_id=&quot;grupa&quot; _builder_version=&quot;4.7.3&quot; _module_preset=&quot;default&quot; custom_margin=&quot;-28px||||false|false&quot;][et_pb_row module_id=&quot;nadzieja&quot; _builder_version=&quot;4.6.5&quot; _module_preset=&quot;default&quot; custom_margin=&quot;-20px||-20px||false|false&quot;][et_pb_column type=&quot;4_4&quot; _builder_version=&quot;4.6.5&quot; _module_preset=&quot;default&quot;][et_pb_text _builder_version=&quot;4.7.7&quot; _module_preset=&quot;default&quot; text_font=&quot;Open Sans||||||||&quot; text_font_size=&quot;20px&quot;]<p><span style=\"color: #ff6600;\"><strong><em>B\u0119dzie mi mi\u0142o, je\u015bli udost\u0119pnisz ten artyku\u0142 dalej! Dzi\u0119kuje!<\/em><\/strong><\/span><\/p>\n<p><strong><em><\/em><\/strong><\/p>\n<p><strong><em><\/em><\/strong><\/p>[\/et_pb_text][et_pb_social_media_follow _builder_version=&#8221;4.6.5&#8243; _module_preset=&#8221;default&#8221; custom_margin=&#8221;-11px||-11px||false|false&#8221;][et_pb_social_media_follow_network social_network=&#8221;facebook&#8221; _builder_version=&#8221;4.6.5&#8243; _module_preset=&#8221;default&#8221; background_color=&#8221;#3b5998&#8243; follow_button=&#8221;off&#8221; url_new_window=&#8221;on&#8221;]facebook[\/et_pb_social_media_follow_network][et_pb_social_media_follow_network social_network=&#8221;twitter&#8221; _builder_version=&#8221;4.6.5&#8243; _module_preset=&#8221;default&#8221; background_color=&#8221;#00aced&#8221; follow_button=&#8221;off&#8221; url_new_window=&#8221;on&#8221;]twitter[\/et_pb_social_media_follow_network][et_pb_social_media_follow_network social_network=&#8221;instagram&#8221; _builder_version=&#8221;4.6.5&#8243; _module_preset=&#8221;default&#8221; background_color=&#8221;#ea2c59&#8243; follow_button=&#8221;off&#8221; url_new_window=&#8221;on&#8221;]instagram[\/et_pb_social_media_follow_network][et_pb_social_media_follow_network social_network=&#8221;pinterest&#8221; _builder_version=&#8221;4.6.5&#8243; _module_preset=&#8221;default&#8221; background_color=&#8221;#cb2027&#8243; follow_button=&#8221;off&#8221; url_new_window=&#8221;on&#8221;]pinterest[\/et_pb_social_media_follow_network][et_pb_social_media_follow_network social_network=&#8221;rss&#8221; _builder_version=&#8221;4.6.5&#8243; _module_preset=&#8221;default&#8221; background_color=&#8221;#ff8a3c&#8221; follow_button=&#8221;off&#8221; url_new_window=&#8221;on&#8221;]rss[\/et_pb_social_media_follow_network][\/et_pb_social_media_follow][et_pb_code _builder_version=&#8221;4.8.2&#8243; _module_preset=&#8221;default&#8221;]<script async src=\"https:\/\/pagead2.googlesyndication.com\/pagead\/js\/adsbygoogle.js\"><\/script><!-- [et_pb_line_break_holder] --><!-- Display --><!-- [et_pb_line_break_holder] --><ins class=\"adsbygoogle\"<!-- [et_pb_line_break_holder] -->     style=&#8221;display:block&#8221;<!-- [et_pb_line_break_holder] -->     data-ad-client=&#8221;ca-pub-9951662948202284&#8243;<!-- [et_pb_line_break_holder] -->     data-ad-slot=&#8221;6579033790&#8243;<!-- [et_pb_line_break_holder] -->     data-ad-format=&#8221;auto&#8221;<!-- [et_pb_line_break_holder] -->     data-full-width-responsive=&#8221;true&#8221;><\/ins><!-- [et_pb_line_break_holder] --><script><!-- [et_pb_line_break_holder] -->     (adsbygoogle = window.adsbygoogle || []).push({});<!-- [et_pb_line_break_holder] --><\/script>[\/et_pb_code][\/et_pb_column][\/et_pb_row][\/et_pb_section][et_pb_section fb_built=&#8221;1&#8243; admin_label=&#8221;Related Articles&#8221; _builder_version=&#8221;4.6.5&#8243; custom_margin=&#8221;-100px||||false|false&#8221;][et_pb_row _builder_version=&#8221;4.6.5&#8243;][et_pb_column type=&#8221;4_4&#8243; _builder_version=&#8221;3.26.6&#8243;][et_pb_text _builder_version=&#8221;3.27.4&#8243; header_2_font=&#8221;Montserrat|700|||||||&#8221; header_2_font_size=&#8221;70px&#8221; header_2_line_height=&#8221;1.2em&#8221; max_width=&#8221;750px&#8221; header_2_font_size_tablet=&#8221;48px&#8221; header_2_font_size_phone=&#8221;36px&#8221; header_2_font_size_last_edited=&#8221;on|desktop&#8221; locked=&#8221;off&#8221;]<h2>Related Articles<\/h2>[\/et_pb_text][et_pb_text _builder_version=&#8221;4.6.5&#8243; text_font=&#8221;Poppins|700|||||||&#8221; text_text_color=&#8221;rgba(0,0,0,0.06)&#8221; text_font_size=&#8221;107px&#8221; text_line_height=&#8221;1.2em&#8221; custom_margin=&#8221;-120px|||-120px|false|false&#8221; custom_margin_tablet=&#8221;-90px|||-60px|false|false&#8221; custom_margin_phone=&#8221;-70px|||-40px|false|false&#8221; custom_margin_last_edited=&#8221;on|desktop&#8221; text_font_size_tablet=&#8221;80px&#8221; text_font_size_phone=&#8221;60px&#8221; text_font_size_last_edited=&#8221;on|phone&#8221; locked=&#8221;off&#8221;]<p><span style=\"color: rgba(0, 0, 0, 0.06);\">Related<\/span><\/p>[\/et_pb_text][et_pb_blog fullwidth=&#8221;off&#8221; posts_number=&#8221;3&#8243; include_categories=&#8221;current&#8221; show_thumbnail=&#8221;off&#8221; show_more=&#8221;on&#8221; show_excerpt=&#8221;off&#8221; show_pagination=&#8221;off&#8221; _builder_version=&#8221;4.6.5&#8243; header_level=&#8221;h4&#8243; header_font=&#8221;Open Sans|700|||||||&#8221; header_font_size=&#8221;22px&#8221; header_line_height=&#8221;1.4em&#8221; meta_font=&#8221;Open Sans||||||||&#8221; meta_font_size=&#8221;12px&#8221; meta_line_height=&#8221;1.8em&#8221; read_more_font=&#8221;|600||on|||||&#8221; read_more_text_color=&#8221;#fa6900&#8243; read_more_font_size=&#8221;12px&#8221; read_more_letter_spacing=&#8221;4px&#8221; read_more_line_height=&#8221;1.8em&#8221; text_orientation=&#8221;center&#8221; border_color_all=&#8221;#e6e6e6&#8243;][\/et_pb_blog][\/et_pb_column][\/et_pb_row][\/et_pb_section]\n","protected":false},"excerpt":{"rendered":"<p>Jak wybra\u0107 przedszkole? Wyb\u00f3r przedszkola dla dziecka &#8211; jedna z\u00a0 najwa\u017cniejszych decyzji jakie podejmujemy w pierwszych latach \u017cycia naszego dziecka. Wyb\u00f3r przedszkola, b\u0119dzie mia\u0142 decyduj\u0105cy wp\u0142yw na jego rozw\u00f3j i dalsz\u0105 przysz\u0142o\u015b\u0107. Jak wybra\u0107 przedszkole? Niekt\u00f3rzy rodzice w og\u00f3le nie przywi\u0105zuj\u0105 wagi do tego, gdzie nasze dziecko p\u00f3jdzie do przedszkola. Wa\u017cne jest dla nich to, [&hellip;]<\/p>\n","protected":false},"author":3,"featured_media":12367,"comment_status":"open","ping_status":"open","sticky":false,"template":"","format":"standard","meta":{"_et_pb_use_builder":"on","_et_pb_old_content":"","_et_gb_content_width":"","footnotes":""},"categories":[2,3],"tags":[242,351,360,361,795,797,798,815,879,1100],"class_list":["post-12359","post","type-post","status-publish","format-standard","has-post-thumbnail","hentry","category-blog-odrudej","category-mama-i-dziecko","tag-dziecko-idzie-do-przedszkola","tag-jak-wybrac-przedszkole","tag-jakie-przedszkole","tag-jakie-przedszkole-wybrac","tag-przedszkole","tag-przedszkole-panstwowe","tag-przedszkole-prywatne","tag-przyszlosc-dziecka","tag-rozwoj-dziecka","tag-wybor-przedszkola"],"_links":{"self":[{"href":"http:\/\/vaxhoib.cluster100.hosting.ovh.net\/index.php\/wp-json\/wp\/v2\/posts\/12359","targetHints":{"allow":["GET"]}}],"collection":[{"href":"http:\/\/vaxhoib.cluster100.hosting.ovh.net\/index.php\/wp-json\/wp\/v2\/posts"}],"about":[{"href":"http:\/\/vaxhoib.cluster100.hosting.ovh.net\/index.php\/wp-json\/wp\/v2\/types\/post"}],"author":[{"embeddable":true,"href":"http:\/\/vaxhoib.cluster100.hosting.ovh.net\/index.php\/wp-json\/wp\/v2\/users\/3"}],"replies":[{"embeddable":true,"href":"http:\/\/vaxhoib.cluster100.hosting.ovh.net\/index.php\/wp-json\/wp\/v2\/comments?post=12359"}],"version-history":[{"count":0,"href":"http:\/\/vaxhoib.cluster100.hosting.ovh.net\/index.php\/wp-json\/wp\/v2\/posts\/12359\/revisions"}],"wp:featuredmedia":[{"embeddable":true,"href":"http:\/\/vaxhoib.cluster100.hosting.ovh.net\/index.php\/wp-json\/"}],"wp:attachment":[{"href":"http:\/\/vaxhoib.cluster100.hosting.ovh.net\/index.php\/wp-json\/wp\/v2\/media?parent=12359"}],"wp:term":[{"taxonomy":"category","embeddable":true,"href":"http:\/\/vaxhoib.cluster100.hosting.ovh.net\/index.php\/wp-json\/wp\/v2\/categories?post=12359"},{"taxonomy":"post_tag","embeddable":true,"href":"http:\/\/vaxhoib.cluster100.hosting.ovh.net\/index.php\/wp-json\/wp\/v2\/tags?post=12359"}],"curies":[{"name":"wp","href":"https:\/\/api.w.org\/{rel}","templated":true}]}}