{"id":12475,"date":"2021-03-31T16:47:21","date_gmt":"2021-03-31T14:47:21","guid":{"rendered":"https:\/\/odrudej.pl\/?p=12475"},"modified":"2021-03-31T16:47:21","modified_gmt":"2021-03-31T14:47:21","slug":"nie-mialam-sily-na-nic-wiec-odpuscilam","status":"publish","type":"post","link":"http:\/\/vaxhoib.cluster100.hosting.ovh.net\/index.php\/2021\/03\/31\/nie-mialam-sily-na-nic-wiec-odpuscilam\/","title":{"rendered":"Nie mia\u0142am si\u0142y na nic, wi\u0119c odpu\u015bci\u0142am"},"content":{"rendered":"<p>[et_pb_section fb_built=&quot;1&quot; specialty=&quot;on&quot; padding_top_bottom_link_1=&quot;false&quot; padding_top_bottom_link_2=&quot;false&quot; padding_left_right_link_1=&quot;false&quot; padding_left_right_link_2=&quot;false&quot; padding_top_1=&quot;0px&quot; padding_top_2=&quot;0px&quot; _builder_version=&quot;4.6.5&quot; _module_preset=&quot;default&quot;][et_pb_column type=&quot;1_2&quot; _builder_version=&quot;3.25&quot; custom_padding=&quot;|||&quot; custom_padding__hover=&quot;|||&quot;][et_pb_post_title meta=&quot;off&quot; featured_image=&quot;off&quot; _builder_version=&quot;4.6.5&quot; _module_preset=&quot;default&quot; title_font=&quot;Open Sans|700|||||||&quot; title_font_size=&quot;41px&quot; title_font_size_tablet=&quot;38px&quot; title_font_size_phone=&quot;36px&quot; title_font_size_last_edited=&quot;on|tablet&quot;][\/et_pb_post_title][et_pb_blurb title=&quot;@ET-DC@eyJkeW5hbWljIjp0cnVlLCJjb250ZW50IjoicG9zdF9hdXRob3IiLCJzZXR0aW5ncyI6eyJiZWZvcmUiOiJUZWtzdCAiLCJhZnRlciI6IiIsIm5hbWVfZm9ybWF0IjoiZGlzcGxheV9uYW1lIiwibGluayI6Im9uIiwibGlua19kZXN0aW5hdGlvbiI6ImF1dGhvcl9hcmNoaXZlIn19@&quot; image=&quot;http:\/\/vaxhoib.cluster100.hosting.ovh.net\/wp-content\/uploads\/2020\/05\/odrudej-ja.jpg&quot; alt=&quot;Aneta Boritzka&quot; icon_placement=&quot;left&quot; image_max_width=&quot;48px&quot; content_max_width=&quot;1100px&quot; _builder_version=&quot;4.6.5&quot; _dynamic_attributes=&quot;title,content&quot; header_font=&quot;Cardo|700|||||||&quot; body_font=&quot;||||||||&quot; body_line_height=&quot;1em&quot; custom_margin=&quot;9px||||false|false&quot; border_radii_image=&quot;on|70px|70px|70px|70px&quot;]@ET-DC@eyJkeW5hbWljIjp0cnVlLCJjb250ZW50IjoicG9zdF9kYXRlIiwic2V0dGluZ3MiOnsiYmVmb3JlIjoiIiwiYWZ0ZXIiOiIiLCJkYXRlX2Zvcm1hdCI6ImRlZmF1bHQiLCJjdXN0b21fZGF0ZV9mb3JtYXQiOiIifX0=@[\/et_pb_blurb][\/et_pb_column][et_pb_column type=&quot;1_2&quot; specialty_columns=&quot;2&quot; _builder_version=&quot;3.25&quot; custom_padding=&quot;|||&quot; custom_padding__hover=&quot;|||&quot;][\/et_pb_column][\/et_pb_section][et_pb_section fb_built=&quot;1&quot; _builder_version=&quot;4.6.5&quot; _module_preset=&quot;default&quot; custom_margin=&quot;-100px||0px||false|false&quot; custom_padding__hover_enabled=&quot;on|desktop&quot;][et_pb_row use_custom_gutter=&quot;on&quot; make_equal=&quot;on&quot; module_id=&quot;nieszkodzic&quot; _builder_version=&quot;4.6.5&quot; _module_preset=&quot;default&quot; custom_margin=&quot;-20px||||false|false&quot; custom_margin_tablet=&quot;&quot; custom_margin_phone=&quot;&quot; custom_margin_last_edited=&quot;on|desktop&quot;][et_pb_column type=&quot;4_4&quot; _builder_version=&quot;4.6.5&quot; _module_preset=&quot;default&quot;][et_pb_text module_id=&quot;komfort&quot; _builder_version=&quot;4.9.2&quot; _module_preset=&quot;default&quot; header_font=&quot;Open Sans||||||||&quot; header_font_size=&quot;35px&quot; header_2_font=&quot;Open Sans||||||||&quot; header_2_font_size=&quot;28px&quot;]<\/p>\n<h1 style=\"text-align: center;\"><span style=\"font-weight: 400;\">Nie mia\u0142am si\u0142y na nic, wi\u0119c odpu\u015bci\u0142am\u00a0<\/span><\/h1>\n<p><span style=\"font-weight: 400;\">Napi\u0119ty grafik, goni\u0105ce terminy, ambitne cele, codzienne domowe obowi\u0105zki, a w ramach premii nowe problemy, kt\u00f3re dopiero si\u0119 narodzi\u0142y i najlepiej jakby by\u0142y rozwi\u0105zane na wczoraj. <\/span><\/p>\n<p><span style=\"font-weight: 400;\">Do tego jeste\u015b rodzicem i masz wyrzuty sumienia, \u017ce nie potrafisz wystarczaj\u0105co du\u017co czasu wygospodarowa\u0107 na: spacer, czy zabaw\u0119 z dzieckiem.<\/span><\/p>\n<p><span style=\"font-weight: 400;\"> W g\u0142owie przebija si\u0119 jedna my\u015bl: Jak dzi\u015b to zrobi\u0119, to b\u0119d\u0119 ju\u017c mog\u0142a to odhaczy\u0107, i nie b\u0119d\u0119 musia\u0142a o tym my\u015ble\u0107. B\u0119dzie z g\u0142owy, b\u0119dzie z g\u00f3rki. Nie mog\u0142am tego zrobi\u0107. Nie mia\u0142am si\u0142y na nic, wi\u0119c odpu\u015bci\u0142am.<br \/><\/span><\/p>\n<p>[\/et_pb_text][et_pb_image src=&quot;http:\/\/vaxhoib.cluster100.hosting.ovh.net\/wp-content\/uploads\/2021\/03\/teleporada.jpg&quot; alt=&quot;Teleporada Covid&quot; title_text=&quot;Doktor rozmawia przez telefon&quot; _builder_version=&quot;4.9.2&quot; _module_preset=&quot;default&quot;][\/et_pb_image][et_pb_code _builder_version=&quot;4.8.2&quot; _module_preset=&quot;default&quot;]<script async src=\"https:\/\/cse.google.com\/cse.js?cx=2b51faa64b54b0606\"><\/script><!-- [et_pb_line_break_holder] --><\/p>\n<div class=\"gcse-search\"><\/div>\n<p>[\/et_pb_code][\/et_pb_column][\/et_pb_row][et_pb_row use_custom_gutter=&#8221;on&#8221; make_equal=&#8221;on&#8221; module_id=&#8221;nieszkodzic&#8221; _builder_version=&#8221;4.6.5&#8243; _module_preset=&#8221;default&#8221; custom_margin=&#8221;-20px||||false|false&#8221; custom_margin_tablet=&#8221;&#8221; custom_margin_phone=&#8221;&#8221; custom_margin_last_edited=&#8221;on|desktop&#8221;][et_pb_column type=&#8221;4_4&#8243; _builder_version=&#8221;4.6.5&#8243; _module_preset=&#8221;default&#8221;][et_pb_text module_id=&#8221;komfort&#8221; _builder_version=&#8221;4.9.2&#8243; _module_preset=&#8221;default&#8221; header_font=&#8221;Open Sans||||||||&#8221; header_font_size=&#8221;35px&#8221; header_2_font=&#8221;Open Sans||||||||&#8221; header_2_font_size=&#8221;28px&#8221;]<\/p>\n<h2><span style=\"font-weight: 400;\">Teleporada serio?\u00a0<\/span><\/h2>\n<p><span style=\"font-weight: 400;\">Taki \u201cma\u0142y dodatek\u201d do wszystkiego &#8211; syn si\u0119 pochorowa\u0142, jakby wcze\u015bniej by\u0142o ma\u0142o. Kolejna g\u00f3rka: nie uda\u0142o si\u0119 go zapisa\u0107 do \u017cadnej przychodni, jedynie wchodzi\u0142a w gr\u0119 teleporada. <\/span><\/p>\n<p><span style=\"font-weight: 400;\"><strong>Teleporada?!? do dwulatka? To jaki\u015b \u017cart.<\/strong> No ale tak COVID. No dobrze jak nie przychodnia, to pr\u00f3bujemy prywatnie. <\/span><\/p>\n<p><span style=\"font-weight: 400;\">Obdzwoni\u0142am 30 pediatr\u00f3w, \u017caden z nich nie chcia\u0142 mnie przyj\u0105\u0107, bo ka\u017cdy z nich domaga\u0142 si\u0119 testu na Covid, dopiero jak test b\u0119dzie negatywny, mog\u0105 go zapisa\u0107. Ka\u017cdy jeden objaw &#8211; to Covid. Dziecko nie mo\u017ce mie\u0107 zapalenia krtani, zwyk\u0142ego kaszlu, czy kataru, albo gor\u0105czki, bo to wszystko s\u0105 objawami Korony.<\/span><\/p>\n<p><span style=\"font-weight: 400;\"><strong> Poczu\u0142am tak\u0105 bezsilno\u015b\u0107, bezradno\u015b\u0107. Usiad\u0142am i p\u0142aka\u0142am jak dziecko. Jestem matk\u0105 chce pom\u00f3c dziecku i nie wiedzia\u0142am jak.<\/strong> Wznowi\u0142am poszukiwania pediatry z has\u0142em: pediatra wizyta domowa. Wyszuka\u0142am jednego lekarza w okolicy, pomy\u015bla\u0142am to moja ostatnia nadzieja, jak on mnie nie przyjmie, musimy jecha\u0107 na SOR. Przecie\u017c musia\u0142am wiedzie\u0107, co mojemu dziecku dolega.<br \/><\/span><\/p>\n<p><em><span style=\"font-weight: 400;\">Dialog z lekarzem:\u00a0<\/span><\/em><\/p>\n<p><em><span style=\"font-weight: 400;\">Ja: Obdzwoni\u0142am 30 pediatr\u00f3w, wszystkie przychodnie, je\u015bli pan doktor mi nie pomo\u017ce, musz\u0119 jecha\u0107 z dzieckiem na SOR. Czy ma pan dzisiaj czas, \u017ceby przyjecha\u0107 do dziecka?\u00a0<\/span><\/em><\/p>\n<p><em><span style=\"font-weight: 400;\">Lekarz: Przykro mi, ale ju\u017c jestem na to za stary. Co si\u0119 dzieje.\u00a0<\/span><\/em><\/p>\n<p><em><span style=\"font-weight: 400;\">Ja: Dziecko kaszle\u2026.bla&#8230;bla&#8230;bla\u00a0<\/span><\/em><\/p>\n<p><em><span style=\"font-weight: 400;\">Lekarz: Dziecko ma 16 lat?\u00a0<\/span><\/em><\/p>\n<p><em><span style=\"font-weight: 400;\">Ja: Nie m\u00f3wi\u0142am, \u017ce 2<\/span><\/em><\/p>\n<p><em><span style=\"font-weight: 400;\">Lekarz: Rozumiem. Je\u015bli dziecko nie wa\u017cy 100 kg, nie ma 40 stopni gor\u0105czki to prosz\u0119 zabra\u0107 dziecko pod pach\u0119, nie zapomnie\u0107 ksi\u0105\u017ceczki zdrowia, wsi\u0105\u015b\u0107 do tramwaju numer 21 i wysi\u0105\u015b\u0107 na ostatnim przystanku.\u00a0<\/span><\/em><\/p>\n<p><span style=\"font-weight: 400;\">Dzi\u0119ki Bogu uda\u0142o si\u0119. Na ca\u0142e szcz\u0119\u015bcie synek mia\u0142 tylko gryp\u0119. Gryp\u0119, kt\u00f3r\u0105 przechodzi\u0142 dwa tygodnie. <strong>Dwa tygodnie bezsennych nocy. By\u0142am wyczerpana. Nie mia\u0142am si\u0142y na nic, wi\u0119c odpu\u015bci\u0142am.<\/strong> Odpu\u015bci\u0142am: artyku\u0142y na blogu, aktywno\u015b\u0107 w grupach, posty na facebooku, wsp\u00f3\u0142prac\u0119 z klientami, odpowiadanie na wiadomo\u015bci. Odpu\u015bci\u0142am porz\u0105dki w domu. Odpu\u015bci\u0142am, bo nie mia\u0142am si\u0142y.<br \/><\/span><\/p>\n<p><span style=\"font-weight: 400;\">A swoj\u0105 drog\u0105: co to za czasy, w kt\u00f3rych teraz \u017cyjemy? Strach, \u017ceby dziecko si\u0119 pochorowa\u0142o. Strach zachorowa\u0107 na cokolwiek. Jak to b\u0119dzie wygl\u0105da\u0142o dalej? Czy to si\u0119 w og\u00f3le zmieni?\u00a0<\/span><\/p>\n<p>[\/et_pb_text][et_pb_image src=&quot;http:\/\/vaxhoib.cluster100.hosting.ovh.net\/wp-content\/uploads\/2021\/03\/statystyki.jpg&quot; alt=&quot;Statystyki Covid&quot; title_text=&quot;Statystyki Covid&quot; _builder_version=&quot;4.9.2&quot; _module_preset=&quot;default&quot;][\/et_pb_image][\/et_pb_column][\/et_pb_row][et_pb_row use_custom_gutter=&quot;on&quot; make_equal=&quot;on&quot; module_id=&quot;nieszkodzic&quot; _builder_version=&quot;4.6.5&quot; _module_preset=&quot;default&quot; custom_margin=&quot;-20px||||false|false&quot; custom_margin_tablet=&quot;&quot; custom_margin_phone=&quot;&quot; custom_margin_last_edited=&quot;on|desktop&quot;][et_pb_column type=&quot;4_4&quot; _builder_version=&quot;4.6.5&quot; _module_preset=&quot;default&quot;][et_pb_text module_id=&quot;komfort&quot; _builder_version=&quot;4.9.4&quot; _module_preset=&quot;default&quot; header_font=&quot;Open Sans||||||||&quot; header_font_size=&quot;35px&quot; header_2_font=&quot;Open Sans||||||||&quot; header_2_font_size=&quot;28px&quot; header_3_font_size=&quot;25px&quot; hover_enabled=&quot;0&quot; sticky_enabled=&quot;0&quot;]<\/p>\n<h2 style=\"text-align: center;\"><span style=\"font-weight: 400;\">COVID &#8211; jak mam si\u0119 zapisa\u0107 do lekarza? Jak zarejestrowa\u0107 si\u0119 do przychodni?\u00a0<\/span><\/h2>\n<p><span style=\"font-weight: 400;\">Kiedy synek poczu\u0142 si\u0119 lepiej, moja rado\u015b\u0107 trwa\u0142a, a\u017c dwa dni. Wtedy mnie dopad\u0142o: b\u00f3l gard\u0142a, kaszel, gor\u0105czka, chrypka (a w zasadzie brak g\u0142osu), zm\u0119czenie. Powt\u00f3rka: do \u017cadnej przychodni nie mog\u0142am si\u0119 dodzwoni\u0107, a jak ju\u017c si\u0119 dodzwoni\u0142am, to m\u00f3wili, \u017ce dzi\u015b ju\u017c brak miejsc. Do prywatnego lekarza, r\u00f3wnie\u017c pr\u00f3bowa\u0142am, nie uda\u0142o si\u0119. <\/span><\/p>\n<p><span style=\"font-weight: 400;\">Na moje szcz\u0119\u015bcie mam w rodzinie lekarza &#8211; siostr\u0119. Nie chcia\u0142am tego wykorzystywa\u0107, ale musia\u0142am i zadzwoni\u0142am. Zasugerowa\u0142a, \u017ce niekt\u00f3re objawy pasuj\u0105 do brytyjskiej mutacji Covid. Siostra na codzie\u0144 jest zaanga\u017cowana w leczenie pacjent\u00f3w z COVID\u00a0 &#8211; podziwiam j\u0105!\u00a0<\/span><\/p>\n<p><span style=\"font-weight: 400;\">Zrobi\u0142am test na COVID &#8211; wyszed\u0142 negatywny. Zwyk\u0142e przezi\u0119bienie, tak\u017ce mog\u0142am sama zaopatrzy\u0107 si\u0119 w aptece. Wykupi\u0142am wszystko, co mo\u017cliwe, chyba nawet z lekk\u0105 przesad\u0105.\u00a0<\/span><\/p>\n<h3 style=\"text-align: center;\"><span style=\"font-weight: 400;\">Ma\u0142a obsuwa<\/span><\/h3>\n<p><span style=\"font-weight: 400;\">Dzi\u0119ki Bogu \u017cyj\u0119, ju\u017c jest lepiej, mog\u0119 wr\u00f3ci\u0107 do pracy i codziennych obowi\u0105zk\u00f3w. Co sobie u\u015bwiadomi\u0142am? <\/span><\/p>\n<p><span style=\"font-weight: 400;\">Pomimo tego, \u017ce odpu\u015bci\u0142am wiele rzeczy, bo zwyczajnie nie mia\u0142am na to si\u0142, nic wielkiego si\u0119 nie sta\u0142o. Co najwy\u017cej obsun\u0119\u0142o si\u0119 troch\u0119 w czasie. Pomimo, \u017ce publikowa\u0142am rzadziej, czytelnicy nie odeszli, byli tak samo zaanga\u017cowani jak wcze\u015bniej. Pomimo, \u017ce nie by\u0142am tak aktywna jak zwykle na r\u00f3\u017cnych grupach, nic z\u0142ego si\u0119 nie zadzia\u0142o. Rozmowy telefoniczne zosta\u0142y prze\u0142o\u017cone, ludzie po drugiej stronie s\u0142uchawki okazali wyrozumia\u0142o\u015b\u0107. Pomimo ba\u0142aganu w domu, uda\u0142o mi si\u0119 o nic nie potkn\u0105\u0107.\u00a0<\/span><\/p>\n<p>[\/et_pb_text][et_pb_image src=&quot;http:\/\/vaxhoib.cluster100.hosting.ovh.net\/wp-content\/uploads\/2021\/03\/koronawirus-dom.jpg&quot; alt=&quot;Zm\u0119czenie koronawirus&quot; title_text=&quot;Zm\u0119czenie Koronawirus&quot; _builder_version=&quot;4.9.2&quot; _module_preset=&quot;default&quot;][\/et_pb_image][\/et_pb_column][\/et_pb_row][et_pb_row use_custom_gutter=&quot;on&quot; make_equal=&quot;on&quot; module_id=&quot;nieszkodzic&quot; _builder_version=&quot;4.6.5&quot; _module_preset=&quot;default&quot; custom_margin=&quot;-20px||||false|false&quot; custom_margin_tablet=&quot;&quot; custom_margin_phone=&quot;&quot; custom_margin_last_edited=&quot;on|desktop&quot;][et_pb_column type=&quot;4_4&quot; _builder_version=&quot;4.6.5&quot; _module_preset=&quot;default&quot;][et_pb_text module_id=&quot;komfort&quot; _builder_version=&quot;4.9.2&quot; _module_preset=&quot;default&quot; header_font=&quot;Open Sans||||||||&quot; header_font_size=&quot;35px&quot; header_2_font=&quot;Open Sans||||||||&quot; header_2_font_size=&quot;28px&quot; header_3_font_size=&quot;25px&quot; header_4_font_size=&quot;22px&quot;]<\/p>\n<h3 style=\"text-align: center;\"><span style=\"font-weight: 400;\">Nie mia\u0142am si\u0142y na nic, wi\u0119c odpu\u015bci\u0142am<\/span><\/h3>\n<p><span style=\"font-weight: 400;\">Na moim blogu mo\u017cesz przeczyta\u0107 artyku\u0142 <a href=\"http:\/\/vaxhoib.cluster100.hosting.ovh.net\/odpusc-odpocznij\/\" target=\"_blank\" rel=\"noopener\" title=\"Odpu\u015b\u0107, Odpocznij!\">Odpu\u015b\u0107, Odpocznij!<\/a> Wiedzia\u0142am, \u017ce tak trzeba, ale sama si\u0119 zap\u0119dzi\u0142am i doprowadzi\u0142am do wyczerpania organizmu. Na szcz\u0119\u015bcie to by\u0142a tylko grypa w przypadku syna, w moim przypadku nie wiem co to by\u0142o, ale ju\u017c jestem zdrowa z powrotem. <\/span><\/p>\n<p><span style=\"font-weight: 400;\"><strong>Mog\u0142abym z\u0142o\u015bci\u0107 si\u0119, \u017ce tyle czasu straci\u0142am na chorob\u0119, nie mog\u0142am w tym czasie normalnie funkcjonowa\u0107 i by\u0142am zdekoncentrowana.<\/strong> Po prostu: Nie mia\u0142am si\u0142 na nic, wi\u0119c odpu\u015bci\u0142am. <\/span><\/p>\n<p><span style=\"font-weight: 400;\">Mog\u0142abym si\u0119 z\u0142o\u015bci\u0107, ale jak mam si\u0119 z\u0142o\u015bci\u0107? To \u017cadna powa\u017cna choroba, nic wielkiego si\u0119 nie sta\u0142o, a jak ju\u017c jest si\u0119 zdrowym &#8211; to te\u017c mo\u017cna wszystko nadrobi\u0107. <\/span><\/p>\n<p><span style=\"font-weight: 400;\">Marzec to te\u017c taki miesi\u0105c, kt\u00f3ry sprzyja temu, by szybciej zachorowa\u0107. Zmiana pogody: \u015bnieg, deszcz, s\u0142o\u0144ce. Prawie wszystkie pory roku w jednym miesi\u0105cu.\u00a0<\/span><\/p>\n<h4 style=\"text-align: center;\"><span style=\"font-weight: 400;\">Z\u0142o\u015b\u0107, bezsilno\u015b\u0107 i strach\u00a0<\/span><\/h4>\n<p><span style=\"font-weight: 400;\">Z\u0142oszcz\u0119 si\u0119 na to, co si\u0119 dzieje. Nie mo\u017cna w normalny spos\u00f3b zapisa\u0107 si\u0119 do lekarza. <\/span><\/p>\n<p><span style=\"font-weight: 400;\"><strong>W moim przypadku by\u0142o to tylko przezi\u0119bienie, ale co z lud\u017ami, kt\u00f3rzy choruj\u0105 na raka, albo z lud\u017ami, kt\u00f3rzy musz\u0105 mie\u0107 wykonan\u0105 operacj\u0119?<\/strong> <\/span><\/p>\n<p><span style=\"font-weight: 400;\">Nie wyobra\u017cam sobie ich strachu. Nie potrafi\u0119 sobie wyobrazi\u0107, co oni czuj\u0105. W g\u0142owie si\u0119 nie mie\u015bci, \u017ce tak to teraz wszystko funkcjonuje. Ja mia\u0142am i mam to szcz\u0119\u015bcie, \u017ce mog\u0142am i mog\u0119 skonsultowa\u0107 moje objawy choroby z siostr\u0105, ale niekt\u00f3rzy tego szcz\u0119\u015bcia nie maj\u0105.\u00a0<\/span><\/p>\n<p><span style=\"font-weight: 400;\">Z\u0142oszcz\u0119 si\u0119 na to, jak to wszystko funkcjonuje. Boj\u0119 si\u0119 co b\u0119dzie dalej. Z\u0142oszcz\u0119 si\u0119 na decyzje naszego rz\u0105du. Mo\u017ce lepiej jak na tym zako\u0144cz\u0119, bo zn\u00f3w si\u0119 pochoruje, a dopiero wracam do pe\u0142ni si\u0142.<\/span><\/p>\n<p><span style=\"font-weight: 400;\"><a href=\"https:\/\/www.medonet.pl\/koronawirus\/koronawirus-w-polsce,koronawirus-w-polsce--utrudniony-dostep-do-swiadczen-w-przychodniach-poz,artykul,14700693.html\" target=\"_blank\" rel=\"noopener\">Dost\u0119p do lekarzy w czasach COVID<\/a> <\/span><\/p>\n<p>[\/et_pb_text][et_pb_image src=&quot;http:\/\/vaxhoib.cluster100.hosting.ovh.net\/wp-content\/uploads\/2021\/03\/operacja-covid.jpg&quot; alt=&quot;Operacja Covid&quot; title_text=&quot;Operacja Covid&quot; _builder_version=&quot;4.9.2&quot; _module_preset=&quot;default&quot;][\/et_pb_image][\/et_pb_column][\/et_pb_row][\/et_pb_section][et_pb_section fb_built=&quot;1&quot; module_id=&quot;grupa&quot; _builder_version=&quot;4.7.3&quot; _module_preset=&quot;default&quot; custom_margin=&quot;-28px||||false|false&quot;][et_pb_row module_id=&quot;nadzieja&quot; _builder_version=&quot;4.6.5&quot; _module_preset=&quot;default&quot; custom_margin=&quot;-20px||-20px||false|false&quot;][et_pb_column type=&quot;4_4&quot; _builder_version=&quot;4.6.5&quot; _module_preset=&quot;default&quot;][et_pb_text _builder_version=&quot;4.7.7&quot; _module_preset=&quot;default&quot; text_font=&quot;Open Sans||||||||&quot; text_font_size=&quot;20px&quot;]<\/p>\n<p><span style=\"color: #ff6600;\"><strong><em>B\u0119dzie mi mi\u0142o, je\u015bli udost\u0119pnisz ten artyku\u0142 dalej! Dzi\u0119kuje!<\/em><\/strong><\/span><\/p>\n<p><strong><em><\/em><\/strong><\/p>\n<p><strong><em><\/em><\/strong><\/p>\n<p>[\/et_pb_text][et_pb_social_media_follow _builder_version=&#8221;4.6.5&#8243; _module_preset=&#8221;default&#8221; custom_margin=&#8221;-11px||-11px||false|false&#8221;][et_pb_social_media_follow_network social_network=&#8221;facebook&#8221; _builder_version=&#8221;4.6.5&#8243; _module_preset=&#8221;default&#8221; background_color=&#8221;#3b5998&#8243; follow_button=&#8221;off&#8221; url_new_window=&#8221;on&#8221;]facebook[\/et_pb_social_media_follow_network][et_pb_social_media_follow_network social_network=&#8221;twitter&#8221; _builder_version=&#8221;4.6.5&#8243; _module_preset=&#8221;default&#8221; background_color=&#8221;#00aced&#8221; follow_button=&#8221;off&#8221; url_new_window=&#8221;on&#8221;]twitter[\/et_pb_social_media_follow_network][et_pb_social_media_follow_network social_network=&#8221;instagram&#8221; _builder_version=&#8221;4.6.5&#8243; _module_preset=&#8221;default&#8221; background_color=&#8221;#ea2c59&#8243; follow_button=&#8221;off&#8221; url_new_window=&#8221;on&#8221;]instagram[\/et_pb_social_media_follow_network][et_pb_social_media_follow_network social_network=&#8221;pinterest&#8221; _builder_version=&#8221;4.6.5&#8243; _module_preset=&#8221;default&#8221; background_color=&#8221;#cb2027&#8243; follow_button=&#8221;off&#8221; url_new_window=&#8221;on&#8221;]pinterest[\/et_pb_social_media_follow_network][et_pb_social_media_follow_network social_network=&#8221;rss&#8221; _builder_version=&#8221;4.6.5&#8243; _module_preset=&#8221;default&#8221; background_color=&#8221;#ff8a3c&#8221; follow_button=&#8221;off&#8221; url_new_window=&#8221;on&#8221;]rss[\/et_pb_social_media_follow_network][\/et_pb_social_media_follow][et_pb_code _builder_version=&#8221;4.8.2&#8243; _module_preset=&#8221;default&#8221;]<script async src=\"https:\/\/pagead2.googlesyndication.com\/pagead\/js\/adsbygoogle.js\"><\/script><!-- [et_pb_line_break_holder] --><!-- Display --><!-- [et_pb_line_break_holder] --><ins class=\"adsbygoogle\"<!-- [et_pb_line_break_holder] -->     style=&#8221;display:block&#8221;<!-- [et_pb_line_break_holder] -->     data-ad-client=&#8221;ca-pub-9951662948202284&#8243;<!-- [et_pb_line_break_holder] -->     data-ad-slot=&#8221;6579033790&#8243;<!-- [et_pb_line_break_holder] -->     data-ad-format=&#8221;auto&#8221;<!-- [et_pb_line_break_holder] -->     data-full-width-responsive=&#8221;true&#8221;><\/ins><!-- [et_pb_line_break_holder] --><script><!-- [et_pb_line_break_holder] -->     (adsbygoogle = window.adsbygoogle || []).push({});<!-- [et_pb_line_break_holder] --><\/script>[\/et_pb_code][\/et_pb_column][\/et_pb_row][\/et_pb_section][et_pb_section fb_built=&#8221;1&#8243; admin_label=&#8221;Related Articles&#8221; _builder_version=&#8221;4.6.5&#8243; custom_margin=&#8221;-100px||||false|false&#8221;][et_pb_row _builder_version=&#8221;4.6.5&#8243;][et_pb_column type=&#8221;4_4&#8243; _builder_version=&#8221;3.26.6&#8243;][et_pb_text _builder_version=&#8221;3.27.4&#8243; header_2_font=&#8221;Montserrat|700|||||||&#8221; header_2_font_size=&#8221;70px&#8221; header_2_line_height=&#8221;1.2em&#8221; max_width=&#8221;750px&#8221; header_2_font_size_tablet=&#8221;48px&#8221; header_2_font_size_phone=&#8221;36px&#8221; header_2_font_size_last_edited=&#8221;on|desktop&#8221; locked=&#8221;off&#8221;]<\/p>\n<h2>Related Articles<\/h2>\n<p>[\/et_pb_text][et_pb_text _builder_version=&#8221;4.6.5&#8243; text_font=&#8221;Poppins|700|||||||&#8221; text_text_color=&#8221;rgba(0,0,0,0.06)&#8221; text_font_size=&#8221;107px&#8221; text_line_height=&#8221;1.2em&#8221; custom_margin=&#8221;-120px|||-120px|false|false&#8221; custom_margin_tablet=&#8221;-90px|||-60px|false|false&#8221; custom_margin_phone=&#8221;-70px|||-40px|false|false&#8221; custom_margin_last_edited=&#8221;on|desktop&#8221; text_font_size_tablet=&#8221;80px&#8221; text_font_size_phone=&#8221;60px&#8221; text_font_size_last_edited=&#8221;on|phone&#8221; locked=&#8221;off&#8221;]<\/p>\n<p><span style=\"color: rgba(0, 0, 0, 0.06);\">Related<\/span><\/p>\n<p>[\/et_pb_text][et_pb_blog fullwidth=&#8221;off&#8221; posts_number=&#8221;3&#8243; include_categories=&#8221;current&#8221; show_thumbnail=&#8221;off&#8221; show_more=&#8221;on&#8221; show_excerpt=&#8221;off&#8221; show_pagination=&#8221;off&#8221; _builder_version=&#8221;4.6.5&#8243; header_level=&#8221;h4&#8243; header_font=&#8221;Open Sans|700|||||||&#8221; header_font_size=&#8221;22px&#8221; header_line_height=&#8221;1.4em&#8221; meta_font=&#8221;Open Sans||||||||&#8221; meta_font_size=&#8221;12px&#8221; meta_line_height=&#8221;1.8em&#8221; read_more_font=&#8221;|600||on|||||&#8221; read_more_text_color=&#8221;#fa6900&#8243; read_more_font_size=&#8221;12px&#8221; read_more_letter_spacing=&#8221;4px&#8221; read_more_line_height=&#8221;1.8em&#8221; text_orientation=&#8221;center&#8221; border_color_all=&#8221;#e6e6e6&#8243;][\/et_pb_blog][\/et_pb_column][\/et_pb_row][\/et_pb_section]<\/p>\n","protected":false},"excerpt":{"rendered":"<p>Tego wszystkiego by\u0142o ju\u017c zwyczajnie za du\u017co. Nie da\u0142am rady. Nie mia\u0142am si\u0142y, wi\u0119c odpu\u015bci\u0142am. Czasem tak trzeba. <\/p>\n","protected":false},"author":3,"featured_media":12485,"comment_status":"open","ping_status":"open","sticky":false,"template":"","format":"standard","meta":{"_et_pb_use_builder":"on","_et_pb_old_content":"","_et_gb_content_width":"1280","footnotes":""},"categories":[2,3],"tags":[65,94,114,117,152,153,302,451,476,607,648,1007,1164],"class_list":["post-12475","post","type-post","status-publish","format-standard","has-post-thumbnail","hentry","category-blog-odrudej","category-mama-i-dziecko","tag-bezradnosc","tag-brak-sily","tag-choroba","tag-chorowanie-w-czasie-covid","tag-covid","tag-covid-19","tag-grypa","tag-koronawirus","tag-lekarz","tag-nie-mialam-sily-na-nic","tag-odpuscilam","tag-teleporada","tag-zlosc"],"_links":{"self":[{"href":"http:\/\/vaxhoib.cluster100.hosting.ovh.net\/index.php\/wp-json\/wp\/v2\/posts\/12475","targetHints":{"allow":["GET"]}}],"collection":[{"href":"http:\/\/vaxhoib.cluster100.hosting.ovh.net\/index.php\/wp-json\/wp\/v2\/posts"}],"about":[{"href":"http:\/\/vaxhoib.cluster100.hosting.ovh.net\/index.php\/wp-json\/wp\/v2\/types\/post"}],"author":[{"embeddable":true,"href":"http:\/\/vaxhoib.cluster100.hosting.ovh.net\/index.php\/wp-json\/wp\/v2\/users\/3"}],"replies":[{"embeddable":true,"href":"http:\/\/vaxhoib.cluster100.hosting.ovh.net\/index.php\/wp-json\/wp\/v2\/comments?post=12475"}],"version-history":[{"count":0,"href":"http:\/\/vaxhoib.cluster100.hosting.ovh.net\/index.php\/wp-json\/wp\/v2\/posts\/12475\/revisions"}],"wp:featuredmedia":[{"embeddable":true,"href":"http:\/\/vaxhoib.cluster100.hosting.ovh.net\/index.php\/wp-json\/"}],"wp:attachment":[{"href":"http:\/\/vaxhoib.cluster100.hosting.ovh.net\/index.php\/wp-json\/wp\/v2\/media?parent=12475"}],"wp:term":[{"taxonomy":"category","embeddable":true,"href":"http:\/\/vaxhoib.cluster100.hosting.ovh.net\/index.php\/wp-json\/wp\/v2\/categories?post=12475"},{"taxonomy":"post_tag","embeddable":true,"href":"http:\/\/vaxhoib.cluster100.hosting.ovh.net\/index.php\/wp-json\/wp\/v2\/tags?post=12475"}],"curies":[{"name":"wp","href":"https:\/\/api.w.org\/{rel}","templated":true}]}}