{"id":12629,"date":"2021-06-02T00:12:19","date_gmt":"2021-06-01T22:12:19","guid":{"rendered":"https:\/\/odrudej.pl\/?p=12629"},"modified":"2021-06-02T00:12:19","modified_gmt":"2021-06-01T22:12:19","slug":"chroniczne-zmeczenie-wychowanie-dziecka","status":"publish","type":"post","link":"http:\/\/vaxhoib.cluster100.hosting.ovh.net\/index.php\/2021\/06\/02\/chroniczne-zmeczenie-wychowanie-dziecka\/","title":{"rendered":"Chroniczne zm\u0119czenie utrudnia wychowanie dzieci!"},"content":{"rendered":"<p>[et_pb_section fb_built=&quot;1&quot; specialty=&quot;on&quot; padding_top_bottom_link_1=&quot;false&quot; padding_top_bottom_link_2=&quot;false&quot; padding_left_right_link_1=&quot;false&quot; padding_left_right_link_2=&quot;false&quot; padding_top_1=&quot;0px&quot; padding_top_2=&quot;0px&quot; _builder_version=&quot;4.6.5&quot; _module_preset=&quot;default&quot;][et_pb_column type=&quot;1_2&quot; _builder_version=&quot;3.25&quot; custom_padding=&quot;|||&quot; custom_padding__hover=&quot;|||&quot;][et_pb_post_title meta=&quot;off&quot; featured_image=&quot;off&quot; _builder_version=&quot;4.6.5&quot; _module_preset=&quot;default&quot; title_font=&quot;Open Sans|700|||||||&quot; title_font_size=&quot;41px&quot; title_font_size_tablet=&quot;38px&quot; title_font_size_phone=&quot;36px&quot; title_font_size_last_edited=&quot;on|tablet&quot;][\/et_pb_post_title][et_pb_blurb title=&quot;@ET-DC@eyJkeW5hbWljIjp0cnVlLCJjb250ZW50IjoicG9zdF9hdXRob3IiLCJzZXR0aW5ncyI6eyJiZWZvcmUiOiJUZWtzdCAiLCJhZnRlciI6IiIsIm5hbWVfZm9ybWF0IjoiZmlyc3RfbGFzdF9uYW1lIiwibGluayI6Im9uIiwibGlua19kZXN0aW5hdGlvbiI6ImF1dGhvcl93ZWJzaXRlIn19@&quot; image=&quot;http:\/\/vaxhoib.cluster100.hosting.ovh.net\/wp-content\/uploads\/2021\/06\/Aneta-Boritzka-Wordpress.jpg&quot; alt=&quot;Aneta Boritzka&quot; icon_placement=&quot;left&quot; image_max_width=&quot;48px&quot; content_max_width=&quot;1100px&quot; _builder_version=&quot;4.9.4&quot; _dynamic_attributes=&quot;title,content&quot; header_font=&quot;Cardo|700|||||||&quot; body_font=&quot;||||||||&quot; body_line_height=&quot;1em&quot; custom_margin=&quot;9px||||false|false&quot; hover_enabled=&quot;0&quot; border_radii_image=&quot;on|90px|90px|90px|90px&quot; url=&quot;http:\/\/vaxhoib.cluster100.hosting.ovh.net\/&quot; title_text=&quot;Aneta Boritzka WordPress&quot; header_text_align=&quot;left&quot; sticky_enabled=&quot;0&quot; border_color_all_image=&quot;#D6D6D6&quot;]@ET-DC@eyJkeW5hbWljIjp0cnVlLCJjb250ZW50IjoicG9zdF9kYXRlIiwic2V0dGluZ3MiOnsiYmVmb3JlIjoiIiwiYWZ0ZXIiOiIiLCJkYXRlX2Zvcm1hdCI6ImRlZmF1bHQiLCJjdXN0b21fZGF0ZV9mb3JtYXQiOiIifX0=@[\/et_pb_blurb][\/et_pb_column][et_pb_column type=&quot;1_2&quot; specialty_columns=&quot;2&quot; _builder_version=&quot;3.25&quot; custom_padding=&quot;|||&quot; custom_padding__hover=&quot;|||&quot;][\/et_pb_column][\/et_pb_section][et_pb_section fb_built=&quot;1&quot; _builder_version=&quot;4.6.5&quot; _module_preset=&quot;default&quot; custom_margin=&quot;-100px||0px||false|false&quot; custom_padding__hover_enabled=&quot;on|desktop&quot;][et_pb_row use_custom_gutter=&quot;on&quot; make_equal=&quot;on&quot; module_id=&quot;nieszkodzic&quot; _builder_version=&quot;4.6.5&quot; _module_preset=&quot;default&quot; custom_margin=&quot;-20px||||false|false&quot; custom_margin_tablet=&quot;&quot; custom_margin_phone=&quot;&quot; custom_margin_last_edited=&quot;on|desktop&quot;][et_pb_column type=&quot;4_4&quot; _builder_version=&quot;4.6.5&quot; _module_preset=&quot;default&quot;][et_pb_text module_id=&quot;komfort&quot; _builder_version=&quot;4.9.4&quot; _module_preset=&quot;default&quot; header_font=&quot;Open Sans||||||||&quot; header_font_size=&quot;35px&quot; header_2_font=&quot;Open Sans||||||||&quot; header_2_font_size=&quot;28px&quot;]<\/p>\n<h1><span style=\"font-weight: 400;\">Chroniczne zm\u0119czenie\u00a0<\/span><\/h1>\n<p><span style=\"font-weight: 400;\">Work-life balance my\u015blisz, \u017ce to okre\u015blenie jest tylko zarezerwowane do \u017cycia zawodowego? Wcale tak nie jest! <strong>Sp\u0119dzanie czasu z dzieckiem, wychowywanie go, uczenie dziecka r\u00f3\u017cnych rzeczy, dbanie o dom i wykonywanie codziennych rutynowych obowi\u0105zk\u00f3w, to nie lada wyzwanie &#8211; jest to praca na pe\u0142ny etat, a nawet wi\u0119cej.<\/strong> Niestety nie jest ona p\u0142atna i cz\u0119sto ma\u0142o doceniana.\u00a0<\/span><\/p>\n<p><span style=\"font-weight: 400;\">Sta\u0142e przebywanie z ma\u0142ym dzieckiem, dbanie o dom, codzienne obowi\u0105zki (zakupy, p\u0142acenie rachunk\u00f3w, a mo\u017ce jeszcze do tego praca zdalna) mog\u0105 doprowadzi\u0107 do wyczerpania. Powtarzanie tego schematu (niedosypianie, nieprzespane noce, ci\u0105g\u0142e skupienie na potrzebach naszego dziecka, ci\u0105g\u0142e czuwanie, \u017ceby nie zrobi\u0142 sobie krzywdy, sta\u0142e przebywanie z dzieckiem, przepracowanie, nadmiar obowi\u0105zk\u00f3w) &#8211; bez chwili odpoczynku &#8211; <\/span><strong>mo\u017ce doprowadzi\u0107 do chronicznego zm\u0119czenia<\/strong><span style=\"font-weight: 400;\"><strong>.<\/strong> Dlatego wprowadzenie tutaj work-life balance jest takie wa\u017cne.\u00a0<\/span><\/p>\n<p><strong>Wi\u0119kszo\u015b\u0107 rodzic\u00f3w jest wyczerpanych, ale rzadko, kt\u00f3ry rodzic chce si\u0119 do tego przyzna\u0107.\u00a0<\/strong><\/p>\n<p><span style=\"font-weight: 400;\">\u201cZm\u0119czenie utrudnia przytomne my\u015blenie i rozwi\u0105zywanie cho\u0107by najprostszych problem\u00f3w, nie pozwala si\u0119 skupi\u0107, opanowa\u0107 emocji, dokonywa\u0107 dobrych wybor\u00f3w, dba\u0107 o zdrowie. Praktycznie rzecz bior\u0105c kiedy przez d\u0142u\u017cszy czas niedosypiamy, zmieniamy si\u0119 w najgorsz\u0105 wersj\u0119 samych siebie. Stajemy si\u0119 niezno\u015bni, rozdra\u017cnieni, nadwra\u017cliwi i znacznie \u0142atwiej puszczaj\u0105 nam nerwy. Nie, wyczerpania nie da si\u0119 przezwyci\u0119\u017cy\u0107 my\u015bleniem, prac\u0105 czy si\u0142\u0105 woli, bo cz\u0119\u015b\u0107 m\u00f3zgu odpowiedzialna za takie w\u0142a\u015bnie doros\u0142e rzeczy wy\u0142\u0105cza si\u0119 jako pierwsza, kiedy ca\u0142\u0105 noc siedzisz przy chorym dziecku. Wi\u0119c to jest do kitu\u201d. &#8211; <\/span><a href=\"https:\/\/www.empik.com\/jak-nie-krzyczec-na-swoje-dziecko-naumburg-carla,p1245602130,ksiazka-p\" target=\"_blank\" rel=\"noopener\" title=\"Jak nie krzycze\u0107 na swoje dziecko. \"><span style=\"font-weight: 400;\">Jak nie krzycze\u0107 na swoje dziecko.\u00a0<\/span><\/a><\/p>\n<p>[\/et_pb_text][et_pb_image src=&quot;http:\/\/vaxhoib.cluster100.hosting.ovh.net\/wp-content\/uploads\/2021\/06\/pracowita-mama.jpg&quot; alt=&quot;Chroniczne zm\u0119czenie&quot; title_text=&quot;Chroniczne zm\u0119czenie&quot; _builder_version=&quot;4.9.4&quot; _module_preset=&quot;default&quot;][\/et_pb_image][\/et_pb_column][\/et_pb_row][et_pb_row use_custom_gutter=&quot;on&quot; make_equal=&quot;on&quot; module_id=&quot;nieszkodzic&quot; _builder_version=&quot;4.6.5&quot; _module_preset=&quot;default&quot; custom_margin=&quot;-20px||||false|false&quot; custom_margin_tablet=&quot;&quot; custom_margin_phone=&quot;&quot; custom_margin_last_edited=&quot;on|desktop&quot;][et_pb_column type=&quot;4_4&quot; _builder_version=&quot;4.6.5&quot; _module_preset=&quot;default&quot;][et_pb_text module_id=&quot;komfort&quot; _builder_version=&quot;4.9.4&quot; _module_preset=&quot;default&quot; header_font=&quot;Open Sans||||||||&quot; header_font_size=&quot;35px&quot; header_2_font=&quot;Open Sans||||||||&quot; header_2_font_size=&quot;28px&quot;]<\/p>\n<h2 style=\"text-align: center;\"><span style=\"font-weight: 400;\">Jestem superbohaterem!\u00a0<\/span><\/h2>\n<p><span style=\"font-weight: 400;\"><strong>Co to dla mnie?<\/strong> <\/span><\/p>\n<p><span style=\"font-weight: 400;\">Po nieprzespanej nocy z chorym dzieckiem, wsta\u0107 o \u015bwicie r\u00f3wno z kogutem, wypi\u0107 dwie mocne czarne fili\u017canki kawy z cukrem, przygotowa\u0107 \u015bniadanie, pobawi\u0107 si\u0119 z dzieckiem, ogarn\u0105\u0107 ba\u0142agan panuj\u0105cy w kuchni, zrobi\u0107 pranie (kt\u00f3rego nie wiem czemu, wci\u0105\u017c nie ubywa), wykona\u0107 par\u0119 pilnych telefon\u00f3w, wyj\u015b\u0107 na spacer z dzieckiem (jest chore, ale nie ma wysokiej gor\u0105czki, wi\u0119c przebywanie na \u015bwie\u017cym powietrzu wskazane), zrobi\u0107 obiad, ponowny posi\u0142ek, drzemka maluszka, w tym czasie napisa\u0107 jak\u0105\u015b cz\u0119\u015b\u0107 artyku\u0142y na bloga, odpisa\u0107 e-maile, maluszek wsta\u0142 to zabawa ci\u0105g dalszy, zapomnia\u0142am jeszcze z pieskiem na spacerek (jak mog\u0142o mi to wylecie\u0107 z g\u0142owy?), siostra dzwoni (ma problem, trzeba porozmawia\u0107), kole\u017canka wpad\u0142a prosi o przys\u0142ug\u0119 &#8211; Dlaczego, by odmawia\u0107? <\/span><\/p>\n<p><strong>Jestem superbohaterem! Kolejne i kolejne zadanie &#8211; to \u017caden dla mnie problem \u2014 wystarczy tylko do\u0142adowa\u0107 swoj\u0105 energi\u0119 kolejn\u0105 dawk\u0105 kofeiny i kilogramem cukru.<\/strong><span style=\"font-weight: 400;\"> Dam rad\u0119, jeszcze tylko par\u0119 godzin do wieczora. Tylko co je\u015bli dziecko zn\u00f3w nie prze\u015bpi nocy? No w sumie nic, za nied\u0142ugo choroba minie, to w ko\u0144cu si\u0119 wy\u015bpi\u0119.<\/span><\/p>\n<h3 style=\"text-align: center;\"><strong>Maraton &#8211; co to dla mnie?<\/strong><\/h3>\n<p><strong>Dzie\u0144 10<\/strong><span style=\"font-weight: 400;\"> &#8211; dziecko wci\u0105\u017c ma katar, noce troch\u0119 bardziej przespane, ale wci\u0105\u017c w\u0142\u0105czony tryb czuwania. Jeszcze dam rad\u0119.\u00a0<\/span><\/p>\n<p><strong>Dzie\u0144 14<\/strong><span style=\"font-weight: 400;\"> &#8211; Dziecko wydaje si\u0119 zdrowe, ale uwaga na horyzoncie pojawi\u0142a si\u0119 przeprowadzka, du\u017co wcze\u015bniej planowana. Pora zatem na pakowanie &#8211; to tylko par\u0119 dni i b\u0119dzie po wszystkim.\u00a0<\/span><\/p>\n<p><strong>Dzie\u0144 23<\/strong><span style=\"font-weight: 400;\"> &#8211; Jestem wyko\u0144czona, rozdra\u017cniona. Nic mnie nie cieszy. Nie mam si\u0142y na nic. Nie potrafi\u0119 si\u0119 skoncentrowa\u0107, ani zorganizowa\u0107 tak prostej czynno\u015bci jak mycie z\u0119b\u00f3w. Natomiast wci\u0105\u017c nie chce przyznawa\u0107 si\u0119 do tego, \u017ce zwyczajnie brak mi si\u0142.\u00a0<\/span><\/p>\n<p><strong>Dzie\u0144 94<\/strong><span style=\"font-weight: 400;\"> &#8211; Wszyscy ju\u017c wok\u00f3\u0142 widz\u0105, \u017ce jeste\u015b chodz\u0105cym Zombie. Make-up ju\u017c nie pomaga. M\u00f3wisz od rzeczy. Czas, kt\u00f3ry wprowadza ci\u0119 w stan zdenerwowania, trwa mniej ni\u017c 0,5 sekundy. Na czym cierpi\u0105 twoi najbli\u017csi.\u00a0<\/span><\/p>\n<p><strong>Obecny styl \u017cycia sprzyja wyst\u0119powaniu chronicznego zm\u0119czenia. Gonitwa, ci\u0105g\u0142y po\u015bpiech, cz\u0142owiek zapomina o potrzebach organizmu, a przecie\u017c jego najbardziej podstawow\u0105 potrzeb\u0105 jest odpoczynek &#8211; fizyczny, ale r\u00f3wnie\u017c psychiczny.\u00a0<\/strong><\/p>\n<p>[\/et_pb_text][et_pb_image src=&quot;http:\/\/vaxhoib.cluster100.hosting.ovh.net\/wp-content\/uploads\/2021\/06\/chore-dziecko.jpg&quot; alt=&quot;Opieka nad chorym dzieckiem&quot; title_text=&quot;Opieka nad chorym dzieckiem&quot; _builder_version=&quot;4.9.4&quot; _module_preset=&quot;default&quot;][\/et_pb_image][\/et_pb_column][\/et_pb_row][et_pb_row use_custom_gutter=&quot;on&quot; make_equal=&quot;on&quot; module_id=&quot;nieszkodzic&quot; _builder_version=&quot;4.6.5&quot; _module_preset=&quot;default&quot; custom_margin=&quot;-20px||||false|false&quot; custom_margin_tablet=&quot;&quot; custom_margin_phone=&quot;&quot; custom_margin_last_edited=&quot;on|desktop&quot;][et_pb_column type=&quot;4_4&quot; _builder_version=&quot;4.6.5&quot; _module_preset=&quot;default&quot;][et_pb_text module_id=&quot;komfort&quot; _builder_version=&quot;4.9.4&quot; _module_preset=&quot;default&quot; header_font=&quot;Open Sans||||||||&quot; header_font_size=&quot;35px&quot; header_2_font=&quot;Open Sans||||||||&quot; header_2_font_size=&quot;28px&quot;]<\/p>\n<h2 style=\"text-align: center;\"><span style=\"font-weight: 400;\">Chroniczne zm\u0119czenie utrudnia wychowanie dzieci!<\/span><\/h2>\n<h2 style=\"text-align: center;\"><span style=\"font-weight: 400;\"> Zadbaj o siebie<\/span><\/h2>\n<p><span style=\"font-weight: 400;\">\u201cJe\u015bli dbanie o siebie to nie Twoje klimaty, albo nie chcesz sobie za bardzo pob\u0142a\u017ca\u0107 pami\u0119taj: nie robisz tego dla siebie, a przynajmniej nie wy\u0142\u0105cznie dla siebie\u201d &#8211; Jak nie krzycze\u0107 na swoje dzieci. Dbasz o siebie dla swoich dzieci, dla wi\u0119zi z nimi i dla og\u00f3lnie spokojniejszych relacji w rodzinie. No i po to, by nie poczu\u0107 si\u0119 jak wariatka, kt\u00f3rej co chwil\u0119 odbija.\u201d &#8211; <\/span><a href=\"https:\/\/www.carlanaumburg.com\/\" target=\"_blank\" rel=\"noopener\" title=\"Carla Naumburg \"><span style=\"font-weight: 400;\">Carla Naumburg\u00a0<\/span><\/a><\/p>\n<h3 style=\"text-align: center;\"><strong>Chroniczne zm\u0119czenie &#8211; zagro\u017cenie dla dzieci!\u00a0<\/strong><\/h3>\n<p><span style=\"font-weight: 400;\">Zastanawia\u0142a\u015b si\u0119 kiedy\u015b nad tym jak chroniczne zm\u0119czenie mo\u017ce by\u0107 niebezpieczne dla ciebie, ale r\u00f3wnie\u017c dla twojego dziecka? Chroniczne zm\u0119czenie mo\u017ce doprowadzi\u0107 do omdlenia.\u00a0<\/span><\/p>\n<p><span style=\"font-weight: 400;\">Wyobra\u017ca\u0142a\u015b sobie kiedy\u015b sytuacj\u0119, \u017ce jeste\u015b sama w domu z male\u0144kim dzieckiem (m\u0105\u017c w pracy, nikogo innego nie ma), a ty tracisz przytomno\u015b\u0107.<\/span> <strong>Zastanawia\u0142a\u015b si\u0119 nad tym, kto w tym czasie zajmie si\u0119 twoim dzieckiem?<\/strong><span style=\"font-weight: 400;\"> Kto b\u0119dzie na twoje dziecko uwa\u017ca\u0142? Kto b\u0119dzie go pilnowa\u0142 przed r\u00f3\u017cnymi niebezpiecze\u0144stwami? Kto mu powie: Nie wolno! Nie r\u00f3b! Nie otwieraj okna! <\/span><strong>Przedstawi\u0142am czarny scenariusz, ale prawdziwy!\u00a0<\/strong><\/p>\n<p><span style=\"font-weight: 400;\">W\u0142a\u015bnie do tego mo\u017ce doprowadzi\u0107 chroniczne zm\u0119czenie. Nie wspominaj\u0105c ju\u017c, jak negatywnie chroniczne zm\u0119czenie odbija si\u0119 na naszej psychice (rozkojarzenie, nerwowo\u015b\u0107, l\u0119k, depresja, bezsenno\u015b\u0107), dolegliwo\u015bciach b\u00f3lowych odczuwanych w r\u00f3\u017cny spos\u00f3b. Chroniczne zm\u0119czenie r\u00f3wnie\u017c mo\u017ce doprowadzi\u0107 do choroby nowotworowej-taka ciekawostka, o kt\u00f3rej zapewne ju\u017c s\u0142ysza\u0142a\u015b, ale nie przyj\u0119\u0142a\u015b do wiadomo\u015bci &#8211; bo przecie\u017c ciebie to ominie.\u00a0<\/span><\/p>\n<p><span style=\"font-weight: 400;\">\u201cRodzicielstwo przypomina czasami jazd\u0119 bez trzymanki rozp\u0119dzon\u0105 kolejk\u0105 g\u00f3rsk\u0105. Wyko\u0144czony rodzic nie jest w stanie da\u0107 swojemu dziecku czasu, uwagi ani zapewni\u0107 mu poczucia bezpiecze\u0144stwa. Dlatego troch\u0119 uwagi i czasu w rodzinnym ko\u0142owrotku spr\u00f3bujcie po\u015bwi\u0119ci\u0107 tak\u017ce&#8230; sobie samym.\u201d &#8211; <\/span><a href=\"https:\/\/www.edziecko.pl\/edziecko\/0,0.html\" target=\"_blank\" rel=\"noopener\" title=\"edziecko.pl\"><span style=\"font-weight: 400;\">edziecko.pl<\/span><\/a><\/p>\n<h2 style=\"text-align: center;\"><span style=\"font-weight: 400;\">Czas dla siebie &#8211; Odpoczynek\u00a0<\/span><\/h2>\n<p><span style=\"font-weight: 400;\">Wyja\u015bnijmy sobie co\u015b.<\/span><\/p>\n<ul>\n<li><span style=\"font-weight: 400;\">Samotne zakupy to nie jest \u201eczas dla siebie\u201d.<\/span><\/li>\n<li><span style=\"font-weight: 400;\">Swobodne posprz\u0105tanie domu to nie jest \u201eczas dla siebie\u201d.<\/span><\/li>\n<li><span style=\"font-weight: 400;\">Wyj\u015bcie do pracy to nie jest \u201eczas dla siebie\u201d.<\/span><span style=\"font-weight: 400;\">To s\u0105 obowi\u0105zki.<\/span><\/li>\n<li><span style=\"font-weight: 400;\">P\u00f3j\u015bcie do dentysty to nie jest \u201eczas dla siebie\u201d.<\/span><\/li>\n<li><span style=\"font-weight: 400;\">Spokojny, nieprzerwany prysznic to nie jest \u201eczas dla siebie\u201d.<\/span><\/li>\n<li><span style=\"font-weight: 400;\">Konsumpcja ciep\u0142ego posi\u0142ku to nie jest \u201eczas dla siebie\u201d.<\/span><\/li>\n<li><span style=\"font-weight: 400;\">To s\u0105 normalne \u017cyciowe czynno\u015bci <strong>ka\u017cdego cz\u0142owieka.<\/strong><\/span><\/li>\n<\/ul>\n<p><strong>MUSISZ odpoczywa\u0107. Tak jak lubisz. Odpoczynek nie jest przejawem lenistwa. Jest niezb\u0119dny do zachowania zdrowia psychicznego.<\/strong><\/p>\n<p><span style=\"font-weight: 400;\">Pami\u0119taj o tym. &#8211;<\/span><a href=\"https:\/\/www.facebook.com\/blogmumme\/?__cft__[0]=AZWO5jQeTmQyUh5tfoTfkuqV9nmWEd3iOQ0s-CHUbSNByloRu52FuDp53C9GCi8U2WMIDEUAQAWF5s9pgBf6HrNakTe7ucm4O7QfzKK_RAr1riLnERhUgXvVxzqw3aLw6cnq7z5LV2VXu_X7BQS5Tr_94ElXfa2aqxScPoJ8FtSBlw&amp;__tn__=kK-R\"> <span style=\"font-weight: 400;\">MumMe<\/span><\/a><\/p>\n<p><strong>Ciekawostka warta uwagi:<\/strong> <span style=\"font-weight: 400;\">W ksi\u0105\u017cce \u201cJak nie krzycze\u0107 na swoje dziecko\u201d przeczytasz, \u017ce seriale Netflix r\u00f3wnie\u017c nie kwalifikuj\u0105 si\u0119 do odpoczynku.\u00a0<\/span><\/p>\n<p><span style=\"font-weight: 400;\">Zadbaj o siebie i skorzystaj z <\/span><a href=\"http:\/\/vaxhoib.cluster100.hosting.ovh.net\/kiedy-czujesz-ze-masz-dosc\/\" title=\"pomocnej apteczki wypalonego rodzica\"><span style=\"font-weight: 400;\">pomocnej apteczki wypalonego rodzica<\/span><\/a><\/p>\n<p>[\/et_pb_text][et_pb_image src=&quot;http:\/\/vaxhoib.cluster100.hosting.ovh.net\/wp-content\/uploads\/2021\/06\/bezsennosc.jpg&quot; alt=&quot;Brak snu&quot; title_text=&quot;Brak snu&quot; _builder_version=&quot;4.9.4&quot; _module_preset=&quot;default&quot;][\/et_pb_image][\/et_pb_column][\/et_pb_row][et_pb_row use_custom_gutter=&quot;on&quot; make_equal=&quot;on&quot; module_id=&quot;nieszkodzic&quot; _builder_version=&quot;4.6.5&quot; _module_preset=&quot;default&quot; custom_margin=&quot;-20px||||false|false&quot; custom_margin_tablet=&quot;&quot; custom_margin_phone=&quot;&quot; custom_margin_last_edited=&quot;on|desktop&quot;][et_pb_column type=&quot;4_4&quot; _builder_version=&quot;4.6.5&quot; _module_preset=&quot;default&quot;][et_pb_text module_id=&quot;komfort&quot; _builder_version=&quot;4.9.4&quot; _module_preset=&quot;default&quot; header_font=&quot;Open Sans||||||||&quot; header_font_size=&quot;35px&quot; header_2_font=&quot;Open Sans||||||||&quot; header_2_font_size=&quot;28px&quot; header_3_font_size=&quot;25px&quot; header_4_font_size=&quot;22px&quot;]<\/p>\n<h2 style=\"text-align: center;\"><span style=\"font-weight: 400;\">Sen potrzebujesz go bardziej ni\u017c my\u015blisz\u00a0<\/span><\/h2>\n<p><span style=\"font-weight: 400;\"><strong>Dziecko cz\u0119sto nie chce je\u015b\u0107 w ci\u0105gu dnia &#8211; bo nie ma na to czasu.<\/strong> Bo s\u0105 wa\u017cniejsze rzeczy do zrobienia, atrakcyjniejsze i nie chc\u0105 czego\u015b przegapi\u0107. Dlatego unikaj\u0105 jedzenia, albo bardzo szybko jedz\u0105, by mogli wr\u00f3ci\u0107 do atrakcyjniejszego sp\u0119dzania czasu.\u00a0<\/span><\/p>\n<p><span style=\"font-weight: 400;\"><strong>Doro\u015bli z kolei niedosypiaj\u0105, bo nie maj\u0105 na to czasu<\/strong>. Bo gdzie\u015b przeczytali\u015bmy, \u017ce 5 godzin snu jest wystarczaj\u0105ce na wypoczynek i pe\u0142n\u0105 regeneracj\u0119. A te\u017c nic si\u0119 nie zdarzy z\u0142ego, jak b\u0119d\u0105 to tylko 4 godziny snu. Dlatego wci\u0105\u017c zapychamy nasz grafik r\u00f3\u017cnymi obowi\u0105zkami, czy tracimy czas przegl\u0105daj\u0105c media spo\u0142eczno\u015bciowe-a wszystko na poczet snu.<\/span><\/p>\n<p><span style=\"font-weight: 400;\">\u201cMo\u017cemy us\u0142ysze\u0107, \u017ce minimalna ilo\u015b\u0107 snu to klucz do sukcesu. Intensywny tryb \u017cycia: praca, rodzina, dom i sport wype\u0142niaj\u0105 dob\u0119 po brzegi. Dodatkowo komputery i urz\u0105dzenia mobilne zabieraj\u0105 cenny czas. Wolimy sp\u0119dza\u0107 godziny przegl\u0105daj\u0105c media spo\u0142eczno\u015bciowe ni\u017c porz\u0105dnie si\u0119 wyspa\u0107. Co nam z uprawiania sportu, wyszukanej diety, unikania smogu i konserwant\u00f3w w \u017cywno\u015bci kiedy po prostu si\u0119 nie wysypiamy. Zapominamy, \u017ce sen to najskuteczniejszy spos\u00f3b regeneracji dla m\u00f3zgu i ca\u0142ego organizmu.\u201d &#8211; <\/span><a href=\"https:\/\/akademiatriathlonu.pl\/moda-niedosypianie-fatalne-skutkach\/\"><span style=\"font-weight: 400;\">Moda na niedosypianie jest fatalna w skutkach<\/span><\/a><\/p>\n<p><strong>Mo\u017cesz my\u015ble\u0107 co sobie chcesz, ale nie jest mo\u017cliwym normalnie funkcjonowa\u0107 przesypiaj\u0105c tylko 4-5 godzin na dob\u0119.<\/strong><span style=\"font-weight: 400;\"> Z g\u0142owy mo\u017cesz r\u00f3wnie\u017c sobie wybi\u0107, \u017ce nadrobisz sen w wolniejszy dzie\u0144, w weekend. <\/span><strong>Nie da si\u0119 odpocz\u0105\u0107 \u201cna zapas\u201d. Ci\u0105g\u0142e niedosypianie to powa\u017cny problem, kt\u00f3ry zwi\u0119ksza ryzyko rozwoju chor\u00f3b przewlek\u0142ych. <\/strong><span style=\"font-weight: 400;\">Mam nadziej\u0119, \u017ce jeste\u015b tego \u015bwiadomy. Jak r\u00f3wnie\u017c tego, \u017ce osoby, kt\u00f3re przez d\u0142u\u017cszy czas nie za\u017cywaj\u0105 odpowiedniej ilo\u015bci snu, s\u0105 nara\u017cone mi\u0119dzy innymi na:\u00a0<\/span><\/p>\n<ul>\n<li style=\"font-weight: 400;\" aria-level=\"1\"><span style=\"font-weight: 400;\">zaburzenia nastroju, kt\u00f3re w konsekwencji mog\u0105 doprowadzi\u0107 do <\/span><a href=\"https:\/\/twarzedepresji.pl\/o-depresji\/\" target=\"_blank\" rel=\"noopener\" title=\"depresji\"><span style=\"font-weight: 400;\">depresji<\/span><\/a><span style=\"font-weight: 400;\">.\u00a0\u00a0<\/span><\/li>\n<li style=\"font-weight: 400;\" aria-level=\"1\"><span style=\"font-weight: 400;\">rozdra\u017cnienie,\u00a0<\/span><\/li>\n<li style=\"font-weight: 400;\" aria-level=\"1\"><span style=\"font-weight: 400;\">problemy z koncentracj\u0105,\u00a0<\/span><\/li>\n<li style=\"font-weight: 400;\" aria-level=\"1\"><span style=\"font-weight: 400;\">zaburzenia pami\u0119ci,\u00a0<\/span><\/li>\n<li style=\"font-weight: 400;\" aria-level=\"1\"><span style=\"font-weight: 400;\">b\u00f3le g\u0142owy,<\/span><\/li>\n<li style=\"font-weight: 400;\" aria-level=\"1\"><a href=\"https:\/\/www.medonet.pl\/zdrowie,stres---przyczyny--objawy--metody-zapobiegania,artykul,1729062.html\"><span style=\"font-weight: 400;\">wzrost stresu<\/span><\/a><span style=\"font-weight: 400;\">,<\/span><\/li>\n<li style=\"font-weight: 400;\" aria-level=\"1\"><span style=\"font-weight: 400;\">zaburzenia rytmu serca,\u00a0<\/span><\/li>\n<li style=\"font-weight: 400;\" aria-level=\"1\"><a href=\"https:\/\/www.poradnikzdrowie.pl\/zdrowie\/uklad-odpornosciowy\/spadek-odpornosci-8-wyraznych-objawow-aa-hAgz-enRe-zVkK.html\"><span style=\"font-weight: 400;\">os\u0142abienie uk\u0142adu odporno\u015bciowego<\/span><\/a><span style=\"font-weight: 400;\">.\u00a0<\/span><\/li>\n<\/ul>\n<h3 style=\"text-align: center;\"><span style=\"font-weight: 400;\">Niech sen b\u0119dzie twoim priorytetem!\u00a0<\/span><\/h3>\n<ul>\n<li style=\"font-weight: 400;\" aria-level=\"1\"><span style=\"font-weight: 400;\">\u201cPog\u00f3d\u017a si\u0119 z tym, \u017ce jeste\u015b wyczerpana i, \u017ce wyczerpanie to realny problem. Nie pr\u00f3buj tu zaprzecza\u0107 ani udawa\u0107, \u017ce mo\u017cesz zacisn\u0105\u0107 z\u0119by i da\u0107 rad\u0119.<\/span><\/li>\n<li style=\"font-weight: 400;\" aria-level=\"1\"><span style=\"font-weight: 400;\">Maksymalnie zwolnij tempo i skupiaj si\u0119 na jednej czynno\u015bci naraz, kiedy tylko mo\u017cesz. Zm\u0119czony m\u00f3zg nie radzi sobie z wieloma zadaniami jednocze\u015bnie.\u00a0<\/span><\/li>\n<li style=\"font-weight: 400;\" aria-level=\"1\"><span style=\"font-weight: 400;\">Jak najbardziej obni\u017c oczekiwania. Dop\u00f3ki nie odpoczniesz, skre\u015bl z listy wszystko, co nieistotne.\u00a0<\/span><\/li>\n<li style=\"font-weight: 400;\" aria-level=\"1\"><span style=\"font-weight: 400;\">M\u00f3w otwarcie o swoim wyczerpaniu. Powiedz dzieciom o swoim wyczerpaniu i popro\u015b starsze o pomoc. Lepiej zrozumiej\u0105 tw\u00f3j z\u0142y humor, a ty poka\u017cesz im, jak umiej\u0119tnie radzi\u0107 sobie ze zm\u0119czeniem\u201d. &#8211; Jak nie krzycze\u0107 na swoje dziecko\u00a0<\/span><\/li>\n<\/ul>\n<p><span style=\"font-weight: 400;\">Nie b\u0119dziesz funkcjonowa\u0107 na pe\u0142nych obrotach, je\u015bli wci\u0105\u017c b\u0119dziesz doprowadzi\u0107 sw\u00f3j organizm do wyczerpania. Jak ju\u017c wiesz wyczerpanie doprowadzi ci\u0119 do tego, \u017ce cz\u0119\u015bciej b\u0119dziesz traci\u0142a panowanie nad sob\u0105 i coraz cz\u0119\u015bciej b\u0119dziesz czu\u0142a si\u0119 jak wariatka. Czy na pewno tego chcesz?<\/span> <strong><a href=\"http:\/\/vaxhoib.cluster100.hosting.ovh.net\/odpusc-odpocznij\/\">Odpu\u015b\u0107<\/a> i przesta\u0144 by\u0107 dla siebie zbyt surowa! Odpu\u015b\u0107 &#8211; wszyscy na tym skorzystaj\u0105: ty, dzieci i ca\u0142a twoja rodzina. Jak widzisz czasem nie robi\u0105c nic, zrobisz zarazem tak wiele.\u00a0<\/strong><\/p>\n<p><strong>\u00a0<\/strong><\/p>\n<p>[\/et_pb_text][\/et_pb_column][\/et_pb_row][\/et_pb_section][et_pb_section fb_built=&#8221;1&#8243; admin_label=&#8221;Related Articles&#8221; _builder_version=&#8221;4.6.5&#8243; custom_margin=&#8221;-100px||||false|false&#8221;][et_pb_row _builder_version=&#8221;4.6.5&#8243;][et_pb_column type=&#8221;4_4&#8243; _builder_version=&#8221;3.26.6&#8243;][et_pb_text _builder_version=&#8221;3.27.4&#8243; header_2_font=&#8221;Montserrat|700|||||||&#8221; header_2_font_size=&#8221;70px&#8221; header_2_line_height=&#8221;1.2em&#8221; max_width=&#8221;750px&#8221; header_2_font_size_tablet=&#8221;48px&#8221; header_2_font_size_phone=&#8221;36px&#8221; header_2_font_size_last_edited=&#8221;on|desktop&#8221; locked=&#8221;off&#8221;]<\/p>\n<h2>Related Articles<\/h2>\n<p>[\/et_pb_text][et_pb_text _builder_version=&#8221;4.6.5&#8243; text_font=&#8221;Poppins|700|||||||&#8221; text_text_color=&#8221;rgba(0,0,0,0.06)&#8221; text_font_size=&#8221;107px&#8221; text_line_height=&#8221;1.2em&#8221; custom_margin=&#8221;-120px|||-120px|false|false&#8221; custom_margin_tablet=&#8221;-90px|||-60px|false|false&#8221; custom_margin_phone=&#8221;-70px|||-40px|false|false&#8221; custom_margin_last_edited=&#8221;on|desktop&#8221; text_font_size_tablet=&#8221;80px&#8221; text_font_size_phone=&#8221;60px&#8221; text_font_size_last_edited=&#8221;on|phone&#8221; locked=&#8221;off&#8221;]<\/p>\n<p><span style=\"color: rgba(0, 0, 0, 0.06);\">Related<\/span><\/p>\n<p>[\/et_pb_text][et_pb_blog fullwidth=&#8221;off&#8221; posts_number=&#8221;3&#8243; include_categories=&#8221;current&#8221; show_thumbnail=&#8221;off&#8221; show_more=&#8221;on&#8221; show_excerpt=&#8221;off&#8221; show_pagination=&#8221;off&#8221; _builder_version=&#8221;4.6.5&#8243; header_level=&#8221;h4&#8243; header_font=&#8221;Open Sans|700|||||||&#8221; header_font_size=&#8221;22px&#8221; header_line_height=&#8221;1.4em&#8221; meta_font=&#8221;Open Sans||||||||&#8221; meta_font_size=&#8221;12px&#8221; meta_line_height=&#8221;1.8em&#8221; read_more_font=&#8221;|600||on|||||&#8221; read_more_text_color=&#8221;#fa6900&#8243; read_more_font_size=&#8221;12px&#8221; read_more_letter_spacing=&#8221;4px&#8221; read_more_line_height=&#8221;1.8em&#8221; text_orientation=&#8221;center&#8221; border_color_all=&#8221;#e6e6e6&#8243;][\/et_pb_blog][\/et_pb_column][\/et_pb_row][\/et_pb_section]<\/p>\n","protected":false},"excerpt":{"rendered":"<p>Wi\u0119kszo\u015b\u0107 rodzic\u00f3w jest wyczerpanych, ale rzadko kt\u00f3ry chce si\u0119 do tego przyzna\u0107. Czy grozi ci chroniczne zm\u0119czenie? <\/p>\n","protected":false},"author":3,"featured_media":12640,"comment_status":"open","ping_status":"open","sticky":false,"template":"","format":"standard","meta":{"_et_pb_use_builder":"on","_et_pb_old_content":"","_et_gb_content_width":"","footnotes":""},"categories":[2,3],"tags":[118,177,573,633,766,868,1086,1103,1105,1107,1116,1119,1169,1172],"class_list":["post-12629","post","type-post","status-publish","format-standard","has-post-thumbnail","hentry","category-blog-odrudej","category-mama-i-dziecko","tag-chroniczne-zmeczenie","tag-czas-z-dzieckiem","tag-nadmiar-obowiazkow","tag-obowiazki","tag-praca-z-dzieckiem","tag-rownowaga-w-zyciu","tag-work-life-balance","tag-wychowanie","tag-wychowanie-dziecka","tag-wyczerpanie","tag-wypalenie","tag-wypalony-rodzic","tag-zmeczenie","tag-zmeczona-mama"],"_links":{"self":[{"href":"http:\/\/vaxhoib.cluster100.hosting.ovh.net\/index.php\/wp-json\/wp\/v2\/posts\/12629","targetHints":{"allow":["GET"]}}],"collection":[{"href":"http:\/\/vaxhoib.cluster100.hosting.ovh.net\/index.php\/wp-json\/wp\/v2\/posts"}],"about":[{"href":"http:\/\/vaxhoib.cluster100.hosting.ovh.net\/index.php\/wp-json\/wp\/v2\/types\/post"}],"author":[{"embeddable":true,"href":"http:\/\/vaxhoib.cluster100.hosting.ovh.net\/index.php\/wp-json\/wp\/v2\/users\/3"}],"replies":[{"embeddable":true,"href":"http:\/\/vaxhoib.cluster100.hosting.ovh.net\/index.php\/wp-json\/wp\/v2\/comments?post=12629"}],"version-history":[{"count":0,"href":"http:\/\/vaxhoib.cluster100.hosting.ovh.net\/index.php\/wp-json\/wp\/v2\/posts\/12629\/revisions"}],"wp:featuredmedia":[{"embeddable":true,"href":"http:\/\/vaxhoib.cluster100.hosting.ovh.net\/index.php\/wp-json\/"}],"wp:attachment":[{"href":"http:\/\/vaxhoib.cluster100.hosting.ovh.net\/index.php\/wp-json\/wp\/v2\/media?parent=12629"}],"wp:term":[{"taxonomy":"category","embeddable":true,"href":"http:\/\/vaxhoib.cluster100.hosting.ovh.net\/index.php\/wp-json\/wp\/v2\/categories?post=12629"},{"taxonomy":"post_tag","embeddable":true,"href":"http:\/\/vaxhoib.cluster100.hosting.ovh.net\/index.php\/wp-json\/wp\/v2\/tags?post=12629"}],"curies":[{"name":"wp","href":"https:\/\/api.w.org\/{rel}","templated":true}]}}