{"id":13398,"date":"2021-10-11T10:24:14","date_gmt":"2021-10-11T08:24:14","guid":{"rendered":"https:\/\/odrudej.pl\/?p=13398"},"modified":"2021-10-11T10:24:14","modified_gmt":"2021-10-11T08:24:14","slug":"zaswiadczenie-o-alergii-do-przedszkola","status":"publish","type":"post","link":"http:\/\/vaxhoib.cluster100.hosting.ovh.net\/index.php\/2021\/10\/11\/zaswiadczenie-o-alergii-do-przedszkola\/","title":{"rendered":"Za\u015bwiadczenie o alergii do przedszkola"},"content":{"rendered":"<p>[et_pb_section fb_built=&quot;1&quot; specialty=&quot;on&quot; padding_top_bottom_link_1=&quot;false&quot; padding_top_bottom_link_2=&quot;false&quot; padding_left_right_link_1=&quot;false&quot; padding_left_right_link_2=&quot;false&quot; padding_top_1=&quot;0px&quot; padding_top_2=&quot;0px&quot; _builder_version=&quot;4.6.5&quot; _module_preset=&quot;default&quot; global_colors_info=&quot;{}&quot;][et_pb_column type=&quot;1_2&quot; _builder_version=&quot;3.25&quot; custom_padding=&quot;|||&quot; global_colors_info=&quot;{}&quot; custom_padding__hover=&quot;|||&quot;][et_pb_post_title meta=&quot;off&quot; featured_image=&quot;off&quot; _builder_version=&quot;4.6.5&quot; _module_preset=&quot;default&quot; title_font=&quot;Open Sans|700|||||||&quot; title_font_size=&quot;41px&quot; title_font_size_tablet=&quot;38px&quot; title_font_size_phone=&quot;36px&quot; title_font_size_last_edited=&quot;on|tablet&quot; global_colors_info=&quot;{}&quot;][\/et_pb_post_title][et_pb_blurb title=&quot;@ET-DC@eyJkeW5hbWljIjp0cnVlLCJjb250ZW50IjoicG9zdF9hdXRob3IiLCJzZXR0aW5ncyI6eyJiZWZvcmUiOiJUZWtzdCAiLCJhZnRlciI6IiIsIm5hbWVfZm9ybWF0IjoiZGlzcGxheV9uYW1lIiwibGluayI6Im9uIiwibGlua19kZXN0aW5hdGlvbiI6ImF1dGhvcl9hcmNoaXZlIn19@&quot; image=&quot;http:\/\/vaxhoib.cluster100.hosting.ovh.net\/wp-content\/uploads\/2021\/11\/Aneta-Boritzka-blog-odrudej.jpg&quot; alt=&quot;Aneta Boritzka blog odrudej&quot; icon_placement=&quot;left&quot; image_icon_width=&quot;48px&quot; content_max_width=&quot;1100px&quot; _builder_version=&quot;4.14.1&quot; _dynamic_attributes=&quot;title,content&quot; header_font=&quot;Cardo|700|||||||&quot; body_font=&quot;||||||||&quot; body_line_height=&quot;1em&quot; custom_margin=&quot;9px||||false|false&quot; border_radii_image=&quot;on|70px|70px|70px|70px&quot; image_max_width=&quot;48px&quot; global_colors_info=&quot;{}&quot;]@ET-DC@eyJkeW5hbWljIjp0cnVlLCJjb250ZW50IjoicG9zdF9kYXRlIiwic2V0dGluZ3MiOnsiYmVmb3JlIjoiIiwiYWZ0ZXIiOiIiLCJkYXRlX2Zvcm1hdCI6ImRlZmF1bHQiLCJjdXN0b21fZGF0ZV9mb3JtYXQiOiIifX0=@[\/et_pb_blurb][\/et_pb_column][et_pb_column type=&quot;1_2&quot; specialty_columns=&quot;2&quot; _builder_version=&quot;3.25&quot; custom_padding=&quot;|||&quot; global_colors_info=&quot;{}&quot; custom_padding__hover=&quot;|||&quot;][\/et_pb_column][\/et_pb_section][et_pb_section fb_built=&quot;1&quot; _builder_version=&quot;4.14.7&quot; _module_preset=&quot;default&quot; custom_margin=&quot;0px||0px||false|false&quot; hover_enabled=&quot;0&quot; global_colors_info=&quot;{}&quot; custom_padding__hover_enabled=&quot;on|desktop&quot; sticky_enabled=&quot;0&quot;][et_pb_row use_custom_gutter=&quot;on&quot; make_equal=&quot;on&quot; module_id=&quot;nieszkodzic&quot; _builder_version=&quot;4.14.1&quot; _module_preset=&quot;default&quot; custom_margin=&quot;0px||||false|false&quot; custom_margin_tablet=&quot;&quot; custom_margin_phone=&quot;&quot; custom_margin_last_edited=&quot;on|desktop&quot; hover_enabled=&quot;0&quot; global_colors_info=&quot;{}&quot; sticky_enabled=&quot;0&quot;][et_pb_column type=&quot;4_4&quot; _builder_version=&quot;4.6.5&quot; _module_preset=&quot;default&quot; global_colors_info=&quot;{}&quot;][et_pb_text module_id=&quot;komfort&quot; _builder_version=&quot;4.11.1&quot; _module_preset=&quot;default&quot; text_font_size=&quot;18px&quot; header_font=&quot;Open Sans||||||||&quot; header_text_align=&quot;center&quot; header_font_size=&quot;35px&quot; header_2_font=&quot;Open Sans||||||||&quot; header_2_font_size=&quot;28px&quot; text_font_size_tablet=&quot;&quot; text_font_size_phone=&quot;&quot; text_font_size_last_edited=&quot;on|desktop&quot; global_colors_info=&quot;{}&quot;]<\/p>\n<h1><span style=\"font-weight: 400;\">Za\u015bwiadczenie o alergii do przedszkola.\u00a0<\/span><\/h1>\n<p><span style=\"font-weight: 400;\">Okres jesienny &#8211; czas sprzyjaj\u0105cy infekcjom. A u nas infekcja na przemian z alergi\u0105. <\/span><\/p>\n<p><span style=\"font-weight: 400;\">W efekcie syn zamiast sp\u0119dza\u0107 czas w przedszkolu jest przy mnie. <strong>Katar, kaszel &#8211; raz infekcja, raz alergia<\/strong>. <\/span><\/p>\n<p><span style=\"font-weight: 400;\">W tym roku rozpocz\u0105\u0142 swoj\u0105 przygod\u0119 w przedszkolu. My\u015bla\u0142am, \u017ce b\u0119d\u0119 mia\u0142a wi\u0119cej czasu na prac\u0119. My\u015bla\u0142am, \u017ce b\u0119d\u0119 mia\u0142a wi\u0119cej czasu dla siebie. Cieszy\u0142am si\u0119 szcz\u0119\u015bciem syna, kt\u00f3ry uwielbia chodzi\u0107 do przedszkola. Tak szybko przeszed\u0142 okres adaptacji. Polubi\u0142 nowe ciocie i nowych koleg\u00f3w. Rano budzi\u0142 si\u0119 du\u017co przed budzikiem, \u017ceby czasem nie sp\u00f3\u017ani\u0107 si\u0119 na tramwaj. Tak bardzo chcia\u0142 tam by\u0107. No ale: infekcja, alergia.\u00a0<\/span><\/p>\n<p><span style=\"font-weight: 400;\">O ile infekcje z\u0142apa\u0142 raz, tak ca\u0142y czas mia\u0142 silne objawy alergii. Niestety z jego objawami nie mogli\u015bmy chodzi\u0107 do przedszkola (katar, kaszel), chyba, \u017ce zdob\u0119dziemy za\u015bwiadczenie o alergii. <\/span><\/p>\n<p><span style=\"font-weight: 400;\">Pediatra z przychodni pomimo poznania wynik\u00f3w bada\u0144 syna (cytologia nosa, itp.) owszem wypisa\u0142 nam za\u015bwiadczenie, ale\u00a0 napisa\u0142 w nim: <strong>\u201cpodejrzenie alergii\u201d, nie alergia, a samo podejrzenie<\/strong>. <\/span><\/p>\n<p><span style=\"font-weight: 400;\">Takie za\u015bwiadczenie niestety w \u017caden spos\u00f3b nie zabezpiecza\u0142o plac\u00f3wki przed tym, \u017ce je\u015bli inny rodzic b\u0119dzie zaniepokojony stanem zdrowia mojego syna (b\u0119dzie s\u0142ysza\u0142 jak kaszle, czy te\u017c ma katar) mo\u017ce zapyta\u0107 plac\u00f3wk\u0119 dlaczego takie dziecko zosta\u0142o przyj\u0119te do przedszkola. Przecie\u017c jak s\u0142ycha\u0107 i wida\u0107 ma wyra\u017ane objawy infekcji.<\/span><\/p>\n<p><span style=\"font-weight: 400;\"> Przedszkole okazuj\u0105c moje za\u015bwiadczenie o podejrzeniu alergii, niestety w \u017caden spos\u00f3b nie mo\u017ce obroni\u0107 mojego syna, gdy\u017c to tylko podejrzenia. Podobno za\u015bwiadczenie o podejrzeniu alergii, nie jest trudne do zdobycia. Nie wiem ja nie pr\u00f3bowa\u0142am kombiowa\u0107. Nawet do g\u0142owy, by mi to nie przysz\u0142o.<br \/><\/span><\/p>\n<p><span style=\"font-weight: 400;\">Ca\u0142kowicie rozumiem rodzic\u00f3w, kt\u00f3rzy obawiaj\u0105 si\u0119, \u017ce ich dziecko zostanie zainfekowane przez mojego syna. Sama pewnie by\u0142abym z\u0142a na to, \u017ce jaki\u015b nieodpowiedzialny rodzic wys\u0142a\u0142 chore dziecko do przedszkola, a przez to wszyscy inni si\u0119 zara\u017caj\u0105, wraz z kadr\u0105 pracuj\u0105c\u0105 w przedszkolu. To bardzo nieodpowiedzialne zachowanie.<br \/><\/span><\/p>\n<p>[\/et_pb_text][et_pb_image src=&quot;http:\/\/vaxhoib.cluster100.hosting.ovh.net\/wp-content\/uploads\/2021\/10\/Testy-alergiczne.jpg&quot; alt=&quot;Testy alergiczne&quot; title_text=&quot;Testy alergiczne&quot; _builder_version=&quot;4.11.1&quot; _module_preset=&quot;default&quot; global_colors_info=&quot;{}&quot;][\/et_pb_image][\/et_pb_column][\/et_pb_row][et_pb_row use_custom_gutter=&quot;on&quot; make_equal=&quot;on&quot; module_id=&quot;nieszkodzic&quot; _builder_version=&quot;4.14.1&quot; _module_preset=&quot;default&quot; custom_margin=&quot;0px||||false|false&quot; custom_margin_tablet=&quot;&quot; custom_margin_phone=&quot;&quot; custom_margin_last_edited=&quot;on|desktop&quot; hover_enabled=&quot;0&quot; global_colors_info=&quot;{}&quot; sticky_enabled=&quot;0&quot;][et_pb_column type=&quot;4_4&quot; _builder_version=&quot;4.6.5&quot; _module_preset=&quot;default&quot; global_colors_info=&quot;{}&quot;][et_pb_text module_id=&quot;komfort&quot; _builder_version=&quot;4.11.1&quot; _module_preset=&quot;default&quot; text_font_size=&quot;18px&quot; header_font=&quot;Open Sans||||||||&quot; header_font_size=&quot;35px&quot; header_2_font=&quot;Open Sans||||||||&quot; header_2_text_align=&quot;center&quot; header_2_font_size=&quot;30px&quot; header_3_text_align=&quot;center&quot; header_3_font_size=&quot;26px&quot; global_colors_info=&quot;{}&quot;]<\/p>\n<h2><span style=\"font-weight: 400;\">Za\u015bwiadczenie o alergii do przedszkola &#8211; Alergolog\u00a0<\/span><\/h2>\n<p><span style=\"font-weight: 400;\">Dobrze, je\u015bli pediatra nie mo\u017ce mi wypisa\u0107 mojemy synowi takiego za\u015bwiadczenia, zatem musz\u0119 koniecznie uda\u0107 si\u0119 do alergologa. <\/span><\/p>\n<p><span style=\"font-weight: 400;\">Je\u015bli nie zdob\u0119d\u0119 tego za\u015bwiadczenia, to m\u00f3j syn, nie b\u0119dzie m\u00f3g\u0142 ucz\u0119szcza\u0107 do przedszkola. Za przedszkole p\u0142ac\u0119, wi\u0119c kasa przepada, a syn nie korzysta. Tak\u017ce w trybie pilnym chcia\u0142abym dosta\u0107 si\u0119 do alergologa. No w\u0142a\u015bnie chcia\u0142abym.\u00a0<\/span><\/p>\n<p><span style=\"font-weight: 400;\">Od lekarza pierwszego kontaktu bez dw\u00f3ch zda\u0144 otrzyma\u0142am skierowanie do alergologa i tutaj zacz\u0119\u0142y si\u0119 schodki. Nie pami\u0119tam ile dok\u0142adnie poradni alergologicznych dla dzieci obdzwoni\u0142am, ale terminy pewnie was nie zaskocz\u0105 &#8211; 2022 &#8211; i niestety nie jest to miesi\u0105c: stycze\u0144, ani luty 2022, ale wrzesie\u0144, pa\u017adziernik &#8211; przysz\u0142y rok. <strong>I UWAGA &#8211; te\u017c nie mo\u017cna si\u0119 zapisa\u0107, bo plac\u00f3wka nie wie, czy b\u0119dzie jeszcze na kontrakcie z NFZ<\/strong>. <\/span><\/p>\n<p><span style=\"font-weight: 400;\">No dobrze jedna plac\u00f3wka mia\u0142a termin na marzec, ale do marca czeka\u0107? Tyle czasu? Chcia\u0142am i\u015b\u0107 na NFZ, bo chodzi\u0142o mi g\u0142\u00f3wnie o testy, kt\u00f3re nie nale\u017c\u0105 do tanich. Objawy syna by\u0142y coraz siliejsze i widzia\u0142am jak si\u0119 m\u0119czy. Zatem nie chcia\u0142am czeka\u0107 i um\u00f3wi\u0142am nas na\u00a0 prywatn\u0105 wizyt\u0119 do alergologa (ale do cholery, po co my te sk\u0142adki zdrowotne p\u0142acimy?).\u00a0<\/span><\/p>\n<h3><span style=\"font-weight: 400;\">Wizyta u alergologa<\/span><\/h3>\n<p><span style=\"font-weight: 400;\">Z wizyt\u0105 prywatn\u0105 nie by\u0142o \u017cadnego problemu z terminem. Przysz\u0142y tydzie\u0144. Pomy\u015bla\u0142am super! W ko\u0144cu zdob\u0119d\u0119 za\u015bwiadczenie i m\u00f3j syn spokojnie z katarkiem b\u0119dzie m\u00f3g\u0142 by\u0107 w przedszkolu.\u00a0<\/span><\/p>\n<p><span style=\"font-weight: 400;\">Ale..wchodz\u0119 prosz\u0119 o za\u015bwiadczenie, a tu\u2026<\/span><\/p>\n<p><span style=\"font-weight: 400;\">\u201cNie dostanie pani \u017cadnego za\u015bwiadczenia bez podstaw. Niestety, ale rodzice zbyt cz\u0119sto o to prosz\u0105. I my\u015bl\u0105 sobie, \u017ce takie za\u015bwiadczenie wypisz\u0119 im od r\u0119ki. Tylko dlatego, \u017ce ich dziecko ma niby podejrzenie alergii. Nie wypisz\u0119, bo rodzice zbyt cz\u0119sto tego nadu\u017cywaj\u0105. A p\u00f3\u017aniej wysy\u0142aj\u0105 dziecko z katarkiem do przedszkola, bo przecie\u017c maj\u0105 ku temu podstaw\u0119, maj\u0105 za\u015bwiadczenie. A po za tym, znam te\u017c takich rodzic\u00f3w, kt\u00f3rzy przed przedszkolem potrafi\u0105 poda\u0107 nawet lekarstwo zbijaj\u0105ce gor\u0105czk\u0119. Niestety, ale na podstawie samego podejrzenia, \u017cadnego za\u015bwiadczenia o alergii do przedszkola nie wypisz\u0119. Przykro mi, ale te za\u015bwiadczenia s\u0105 ostatnio na TOPIE, dlatego jestem w tym bardzo ostro\u017cna.\u201d\u00a0<\/span><\/p>\n<p><span style=\"font-weight: 400;\">Takie mi\u0142e rozpocz\u0119cie&#8230;<\/span><\/p>\n<p><span style=\"font-weight: 400;\">Pomy\u015bla\u0142am sobie: \u201cSerio?\u00a0 Z niczym dzisiaj nie wyjd\u0119? No c\u00f3\u017c, b\u0119d\u0119 musia\u0142a czeka\u0107 na wyniki z test\u00f3w\u201d.\u00a0<\/span><\/p>\n<p><span style=\"font-weight: 400;\">Na moje szcz\u0119\u015bcie, nieszcz\u0119\u015bcie z samych wynik\u00f3w, kt\u00f3re ju\u017c mia\u0142 wykonane syn, pani doktor potwierdzi\u0142a alergi\u0119. I powiedzia\u0142a, \u017ce spokojnie wypisze mi takie za\u015bwiadczenie do przedszkola, a dodatkowo zaleca, bym wykona\u0142a testy alergiczne synowi.\u00a0<\/span><\/p>\n<p><span style=\"font-weight: 400;\">Na moje szcz\u0119\u015bcie, bo jednak wysz\u0142am z za\u015bwiadczeniem. Na moje nieszcz\u0119\u015bcie, bo wola\u0142abym, \u017ceby m\u00f3j syn by\u0142 zdrowy i nie mia\u0142 \u017cadnej alergii. To jest naprawd\u0119 m\u0119cz\u0105ce, nie tylko dla mnie ale i dla syna. Nie wiem jak wy, ale dla mnie katar i zatkany nos &#8211; to najgorsze, co mo\u017ce by\u0107 w przezi\u0119bieniu. Tylko, \u017ce mi przezi\u0119bienie minie i jak to m\u00f3wi\u0105 katar leczony trwa 7 dni, a nieleczony tydzie\u0144 i te\u017c minie, a jemu nie mija :(. A co, do <a href=\"https:\/\/www.medonet.pl\/zdrowie\/zdrowie-dla-kazdego,testy-alergiczne-z-krwi---jak-przebiegaja-i-ile-kosztuja-,artykul,70945375.html\" target=\"_blank\" rel=\"noopener\" title=\"testy alergiczne\">test\u00f3w<\/a> alergicznych i tak chcia\u0142am je wykona\u0107.\u00a0<\/span><\/p>\n<h2><span style=\"font-weight: 400;\">Tego nie wiedzia\u0142am &#8211; za\u015bwiadczenie o alergii do przedszkola\u00a0<\/span><span style=\"font-weight: 400;\"><\/span><\/h2>\n<p><span style=\"font-weight: 400;\">No w\u0142a\u015bnie tego nie wiedzia\u0142am: \u201cSzko\u0142y nie maj\u0105 prawa, ani \u017cadne inne plac\u00f3wki jak przedszkola, czy \u017c\u0142obki \u017c\u0105da\u0107 za\u015bwiadczenia, a i tak ich oczekuj\u0105.\u00a0<\/span><\/p>\n<p><span style=\"font-weight: 400;\">Szko\u0142y nie maj\u0105 prawa \u017c\u0105da\u0107 za\u015bwiadcze\u0144 o tym, \u017ce dziecko ma astm\u0119 lub alergi\u0119, kt\u00f3re mog\u0105 by\u0107 powodem kaszlu czy kataru. A mimo to oczekuj\u0105 ich, a rodzice bez s\u0142owa sprzeciwu taki dokument przedk\u0142adaj\u0105. Cen\u0105 za brak zgody jest odes\u0142anie do domu dziecka, kt\u00f3re wykazuje objawy swojej choroby przewlek\u0142ej.\u201d &#8211; <a href=\"https:\/\/www.money.pl\/gospodarka\/zaswiadczenia-o-astmie-i-alergii-szkoly-nie-maja-prawa-ale-i-tak-ich-oczekuja-6550451178105728a.html\" target=\"_blank\" rel=\"noopener\" title=\"czytaj wi\u0119cej \">czytaj wi\u0119cej<\/a>.<\/span><span style=\"font-weight: 400;\"><\/span><\/p>\n<p><span style=\"font-weight: 400;\">Szko\u0142y, przedszkola, \u017c\u0142obki pr\u00f3buj\u0105 chroni\u0107 si\u0119 nie tylko przed infekcj\u0105 jak\u0105 jest przezi\u0119bienie, czy grypa, ale r\u00f3wnie\u017c obawiaj\u0105 si\u0119 zosta\u0107 zara\u017ceni koronawirusem. G\u0142\u00f3wne objawy koronawirusa to w\u0142a\u015bnie: kaszel i katar.\u00a0<\/span><span style=\"font-weight: 400;\"><\/span><\/p>\n<p><span style=\"font-weight: 400;\">Szczerze powiedziawszy w og\u00f3le wcze\u015bniej nie my\u015bla\u0142am, dlaczego lekarze tak niech\u0119tnie wypisuj\u0105 te za\u015bwiadczenie, a jak si\u0119 okazuje i mo\u017cna przeczyta\u0107 na r\u00f3\u017cnych portalach: \u201cRodzice ustawiaj\u0105 si\u0119 w kolejkach do specjalist\u00f3w, by zdoby\u0107 za\u015bwiadczenie o alergii do przedszkola\u201d.\u00a0<\/span><span style=\"font-weight: 400;\"><\/span><\/p>\n<p><span style=\"font-weight: 400;\">Nie wiem jak ty, ale ja tego nie wiedzia\u0142am, \u017ce\u2026<\/span><\/p>\n<p><span style=\"font-weight: 400;\">\u201cJoanna J\u0119drzejewska , radca prawny z Kancelaria Kacprzak Kowalak i Partnerzy m\u00f3wi wprost: &#8220;regulamin szko\u0142y lub przedszkola nie jest wystarczaj\u0105c\u0105 podstaw\u0105 prawn\u0105 do \u017c\u0105dania od rodzic\u00f3w przedk\u0142adania za\u015bwiadcze\u0144 czy o\u015bwiadcze\u0144 o stanie zdrowia ich dziecka&#8221;.\u201d &#8211; czyli wcale nie musia\u0142am, \u017cadnego za\u015bwiadczenia o alergii przynosi\u0107 do przedszkola.\u00a0<\/span><span style=\"font-weight: 400;\"><\/span><\/p>\n<h3><span style=\"font-weight: 400;\">B\u0105d\u017amy wyrozumiali\u00a0<\/span><span style=\"font-weight: 400;\"><\/span><\/h3>\n<p><span style=\"font-weight: 400;\">Nie wiedzia\u0142am, \u017ce plac\u00f3wka nie mo\u017ce \u017c\u0105da\u0107 ode mnie takiego za\u015bwiadczenia, ale jednocze\u015bnie rozumiem dlaczego o to prosz\u0105. Tak jak pisa\u0142am wcze\u015bniej, rozumiem r\u00f3wnie\u017c postaw\u0119 innych rodzic\u00f3w, kt\u00f3rzy mogliby na mnie krzywo patrze\u0107, bo moje dziecko ma katar w przedszkolu. <\/span><\/p>\n<p><span style=\"font-weight: 400;\">Bez problemu donios\u0119 za\u015bwiadczenie, bo jeszcze nie mia\u0142am okazji tego zrobi\u0107. a teraz nawet wiem, \u017ce nie musz\u0119. Ale dla mnie nie jest problemem przedstawienie sytuacji zdrowotnej mojego dziecka. A przez ten wpis, to ju\u017c nie tylko przedszkole, wie, \u017ce moje dziecko jest alergikiem. To te\u017c nie jest dla mnie problem, bo by\u0107 mo\u017ce ten wpis w\u0142a\u015bnie czytaj\u0105 rodzice alergik\u00f3w, kt\u00f3rzy mog\u0105 mi da\u0107 jakie\u015b cenne wskaz\u00f3wki.\u00a0<\/span><\/p>\n<p><span style=\"font-weight: 400;\">Je\u015bli jeste\u015b rodzicem alergika, my\u015bl\u0119, \u017ce mo\u017ce Ci\u0119 to zainteresowa\u0107: <a href=\"https:\/\/pantabletka.pl\/alergia-dziecko-odpornos\/\" target=\"_blank\" rel=\"noopener\">Czy dzieci z alergi\u0105 choruj\u0105 cz\u0119\u015bciej? Jak w alergii wzmocni\u0107 odporno\u015b\u0107?<\/a><\/span><\/p>\n<p><span style=\"font-weight: 400;\">Do poczytania r\u00f3wnie\u017c: <a href=\"http:\/\/vaxhoib.cluster100.hosting.ovh.net\/jak-wychowac-madre-dziecko\/\">Jak wychowa\u0107 m\u0105dre dziecko<\/a><\/span><\/p>\n<p>[\/et_pb_text][et_pb_image src=&quot;http:\/\/vaxhoib.cluster100.hosting.ovh.net\/wp-content\/uploads\/2021\/10\/Zaswiadczenie-o-alergii.jpg&quot; alt=&quot;Za\u015bwiadczenie o alergii&quot; title_text=&quot;Za\u015bwiadczenie o alergii&quot; _builder_version=&quot;4.11.1&quot; _module_preset=&quot;default&quot; global_colors_info=&quot;{}&quot;][\/et_pb_image][\/et_pb_column][\/et_pb_row][\/et_pb_section][et_pb_section fb_built=&quot;1&quot; module_id=&quot;grupa&quot; _builder_version=&quot;4.14.7&quot; _module_preset=&quot;default&quot; custom_margin=&quot;0px||||false|false&quot; hover_enabled=&quot;0&quot; global_colors_info=&quot;{}&quot; sticky_enabled=&quot;0&quot;][et_pb_row module_id=&quot;nadzieja&quot; _builder_version=&quot;4.14.1&quot; _module_preset=&quot;default&quot; custom_margin=&quot;0px||-20px||false|false&quot; global_colors_info=&quot;{}&quot;][et_pb_column type=&quot;4_4&quot; _builder_version=&quot;4.6.5&quot; _module_preset=&quot;default&quot; global_colors_info=&quot;{}&quot;][et_pb_social_media_follow _builder_version=&quot;4.6.5&quot; _module_preset=&quot;default&quot; custom_margin=&quot;-11px||-11px||false|false&quot; global_colors_info=&quot;{}&quot;][et_pb_social_media_follow_network social_network=&quot;facebook&quot; _builder_version=&quot;4.6.5&quot; _module_preset=&quot;default&quot; background_color=&quot;#3b5998&quot; global_colors_info=&quot;{}&quot; follow_button=&quot;off&quot; url_new_window=&quot;on&quot;]facebook[\/et_pb_social_media_follow_network][et_pb_social_media_follow_network social_network=&quot;twitter&quot; _builder_version=&quot;4.6.5&quot; _module_preset=&quot;default&quot; background_color=&quot;#00aced&quot; global_colors_info=&quot;{}&quot; follow_button=&quot;off&quot; url_new_window=&quot;on&quot;]twitter[\/et_pb_social_media_follow_network][et_pb_social_media_follow_network social_network=&quot;instagram&quot; _builder_version=&quot;4.6.5&quot; _module_preset=&quot;default&quot; background_color=&quot;#ea2c59&quot; global_colors_info=&quot;{}&quot; follow_button=&quot;off&quot; url_new_window=&quot;on&quot;]instagram[\/et_pb_social_media_follow_network][et_pb_social_media_follow_network social_network=&quot;pinterest&quot; _builder_version=&quot;4.6.5&quot; _module_preset=&quot;default&quot; background_color=&quot;#cb2027&quot; global_colors_info=&quot;{}&quot; follow_button=&quot;off&quot; url_new_window=&quot;on&quot;]pinterest[\/et_pb_social_media_follow_network][et_pb_social_media_follow_network social_network=&quot;rss&quot; _builder_version=&quot;4.6.5&quot; _module_preset=&quot;default&quot; background_color=&quot;#ff8a3c&quot; global_colors_info=&quot;{}&quot; follow_button=&quot;off&quot; url_new_window=&quot;on&quot;]rss[\/et_pb_social_media_follow_network][\/et_pb_social_media_follow][\/et_pb_column][\/et_pb_row][\/et_pb_section][et_pb_section fb_built=&quot;1&quot; admin_label=&quot;Related Articles&quot; _builder_version=&quot;4.14.7&quot; custom_margin=&quot;0px||||false|false&quot; hover_enabled=&quot;0&quot; global_colors_info=&quot;{}&quot; sticky_enabled=&quot;0&quot;][et_pb_row _builder_version=&quot;4.14.1&quot; global_colors_info=&quot;{}&quot;][et_pb_column type=&quot;4_4&quot; _builder_version=&quot;3.26.6&quot; global_colors_info=&quot;{}&quot;][et_pb_text _builder_version=&quot;3.27.4&quot; header_2_font=&quot;Montserrat|700|||||||&quot; header_2_font_size=&quot;70px&quot; header_2_line_height=&quot;1.2em&quot; max_width=&quot;750px&quot; header_2_font_size_tablet=&quot;48px&quot; header_2_font_size_phone=&quot;36px&quot; header_2_font_size_last_edited=&quot;on|desktop&quot; locked=&quot;off&quot; global_colors_info=&quot;{}&quot;]<\/p>\n<h2>Related Articles<\/h2>\n<p>[\/et_pb_text][et_pb_text _builder_version=&#8221;4.6.5&#8243; text_font=&#8221;Poppins|700|||||||&#8221; text_text_color=&#8221;rgba(0,0,0,0.06)&#8221; text_font_size=&#8221;107px&#8221; text_line_height=&#8221;1.2em&#8221; custom_margin=&#8221;-120px|||-120px|false|false&#8221; custom_margin_tablet=&#8221;-90px|||-60px|false|false&#8221; custom_margin_phone=&#8221;-70px|||-40px|false|false&#8221; custom_margin_last_edited=&#8221;on|desktop&#8221; text_font_size_tablet=&#8221;80px&#8221; text_font_size_phone=&#8221;60px&#8221; text_font_size_last_edited=&#8221;on|phone&#8221; locked=&#8221;off&#8221; global_colors_info=&#8221;{}&#8221;]<\/p>\n<p><span style=\"color: rgba(0, 0, 0, 0.06);\">Related<\/span><\/p>\n<p>[\/et_pb_text][et_pb_blog fullwidth=&#8221;off&#8221; posts_number=&#8221;3&#8243; include_categories=&#8221;current&#8221; show_thumbnail=&#8221;off&#8221; show_more=&#8221;on&#8221; show_excerpt=&#8221;off&#8221; show_pagination=&#8221;off&#8221; _builder_version=&#8221;4.6.5&#8243; header_level=&#8221;h4&#8243; header_font=&#8221;Open Sans|700|||||||&#8221; header_font_size=&#8221;22px&#8221; header_line_height=&#8221;1.4em&#8221; meta_font=&#8221;Open Sans||||||||&#8221; meta_font_size=&#8221;12px&#8221; meta_line_height=&#8221;1.8em&#8221; read_more_font=&#8221;|600||on|||||&#8221; read_more_text_color=&#8221;#fa6900&#8243; read_more_font_size=&#8221;12px&#8221; read_more_letter_spacing=&#8221;4px&#8221; read_more_line_height=&#8221;1.8em&#8221; text_orientation=&#8221;center&#8221; border_color_all=&#8221;#e6e6e6&#8243; global_colors_info=&#8221;{}&#8221;][\/et_pb_blog][\/et_pb_column][\/et_pb_row][\/et_pb_section]<\/p>\n","protected":false},"excerpt":{"rendered":"<p>Katar, kaszel &#8211; alergia! Jak pos\u0142a\u0107 dziecko do przedszkola. Za\u015bwiadczenie o alergii do przedszkola potrzebne od zaraz. Czy przedszkole mo\u017ce wymaga\u0107 okazania takiego za\u015bwiadczenia?<\/p>\n","protected":false},"author":3,"featured_media":13410,"comment_status":"open","ping_status":"open","sticky":false,"template":"","format":"standard","meta":{"_et_pb_use_builder":"on","_et_pb_old_content":"","_et_gb_content_width":"","footnotes":""},"categories":[2,3],"tags":[32,33,34,629,684,795,796,1014,1144,1145,1147],"class_list":["post-13398","post","type-post","status-publish","format-standard","has-post-thumbnail","hentry","category-blog-odrudej","category-mama-i-dziecko","tag-alergia","tag-alergia-dziecka","tag-alergolog","tag-niezyt-nosa","tag-pediatra","tag-przedszkole","tag-przedszkole-alergia","tag-testy-alergiczne","tag-zaswiadczenie-o-alergii","tag-zaswiadczenie-o-alergii-do-przedszkola","tag-zaswiadzczenie-o-alergii"],"_links":{"self":[{"href":"http:\/\/vaxhoib.cluster100.hosting.ovh.net\/index.php\/wp-json\/wp\/v2\/posts\/13398","targetHints":{"allow":["GET"]}}],"collection":[{"href":"http:\/\/vaxhoib.cluster100.hosting.ovh.net\/index.php\/wp-json\/wp\/v2\/posts"}],"about":[{"href":"http:\/\/vaxhoib.cluster100.hosting.ovh.net\/index.php\/wp-json\/wp\/v2\/types\/post"}],"author":[{"embeddable":true,"href":"http:\/\/vaxhoib.cluster100.hosting.ovh.net\/index.php\/wp-json\/wp\/v2\/users\/3"}],"replies":[{"embeddable":true,"href":"http:\/\/vaxhoib.cluster100.hosting.ovh.net\/index.php\/wp-json\/wp\/v2\/comments?post=13398"}],"version-history":[{"count":0,"href":"http:\/\/vaxhoib.cluster100.hosting.ovh.net\/index.php\/wp-json\/wp\/v2\/posts\/13398\/revisions"}],"wp:featuredmedia":[{"embeddable":true,"href":"http:\/\/vaxhoib.cluster100.hosting.ovh.net\/index.php\/wp-json\/"}],"wp:attachment":[{"href":"http:\/\/vaxhoib.cluster100.hosting.ovh.net\/index.php\/wp-json\/wp\/v2\/media?parent=13398"}],"wp:term":[{"taxonomy":"category","embeddable":true,"href":"http:\/\/vaxhoib.cluster100.hosting.ovh.net\/index.php\/wp-json\/wp\/v2\/categories?post=13398"},{"taxonomy":"post_tag","embeddable":true,"href":"http:\/\/vaxhoib.cluster100.hosting.ovh.net\/index.php\/wp-json\/wp\/v2\/tags?post=13398"}],"curies":[{"name":"wp","href":"https:\/\/api.w.org\/{rel}","templated":true}]}}