{"id":13429,"date":"2021-10-18T10:01:47","date_gmt":"2021-10-18T08:01:47","guid":{"rendered":"https:\/\/odrudej.pl\/?p=13429"},"modified":"2021-10-18T10:01:47","modified_gmt":"2021-10-18T08:01:47","slug":"dziecko-nie-chce-isc-do-przedszkola","status":"publish","type":"post","link":"http:\/\/vaxhoib.cluster100.hosting.ovh.net\/index.php\/2021\/10\/18\/dziecko-nie-chce-isc-do-przedszkola\/","title":{"rendered":"Dziecko nie chce i\u015b\u0107 do przedszkola? Jak si\u0119 zachowa\u0107?"},"content":{"rendered":"<p>[et_pb_section fb_built=&quot;1&quot; specialty=&quot;on&quot; padding_top_1=&quot;0px&quot; padding_top_2=&quot;0px&quot; padding_top_bottom_link_1=&quot;false&quot; padding_top_bottom_link_2=&quot;false&quot; padding_left_right_link_1=&quot;false&quot; padding_left_right_link_2=&quot;false&quot; _builder_version=&quot;4.16&quot; _module_preset=&quot;default&quot; global_colors_info=&quot;{}&quot;][et_pb_column type=&quot;1_2&quot; _builder_version=&quot;4.16&quot; custom_padding=&quot;|||&quot; global_colors_info=&quot;{}&quot; custom_padding__hover=&quot;|||&quot;][et_pb_post_title meta=&quot;off&quot; featured_image=&quot;off&quot; _builder_version=&quot;4.16&quot; _module_preset=&quot;default&quot; title_font=&quot;Open Sans|700|||||||&quot; title_font_size=&quot;41px&quot; title_font_size_tablet=&quot;38px&quot; title_font_size_phone=&quot;36px&quot; title_font_size_last_edited=&quot;on|tablet&quot; global_colors_info=&quot;{}&quot;][\/et_pb_post_title][et_pb_blurb title=&quot;@ET-DC@eyJkeW5hbWljIjp0cnVlLCJjb250ZW50IjoicG9zdF9hdXRob3IiLCJzZXR0aW5ncyI6eyJiZWZvcmUiOiJUZWtzdCAiLCJhZnRlciI6IiIsIm5hbWVfZm9ybWF0IjoiZGlzcGxheV9uYW1lIiwibGluayI6Im9uIiwibGlua19kZXN0aW5hdGlvbiI6ImF1dGhvcl9hcmNoaXZlIn19@&quot; image=&quot;http:\/\/vaxhoib.cluster100.hosting.ovh.net\/wp-content\/uploads\/2021\/11\/Aneta-Boritzka-blog-odrudej.jpg&quot; alt=&quot;Aneta Boritzka blog odrudej&quot; icon_placement=&quot;left&quot; image_icon_width=&quot;48px&quot; content_max_width=&quot;1100px&quot; _builder_version=&quot;4.16&quot; _dynamic_attributes=&quot;title,content&quot; header_font=&quot;Cardo|700|||||||&quot; body_font=&quot;||||||||&quot; body_line_height=&quot;1em&quot; custom_margin=&quot;9px||||false|false&quot; border_radii_image=&quot;on|70px|70px|70px|70px&quot; image_max_width=&quot;48px&quot; global_colors_info=&quot;{}&quot;]@ET-DC@eyJkeW5hbWljIjp0cnVlLCJjb250ZW50IjoicG9zdF9kYXRlIiwic2V0dGluZ3MiOnsiYmVmb3JlIjoiIiwiYWZ0ZXIiOiIiLCJkYXRlX2Zvcm1hdCI6ImRlZmF1bHQiLCJjdXN0b21fZGF0ZV9mb3JtYXQiOiIifX0=@[\/et_pb_blurb][et_pb_button button_url=&quot;#etapy&quot; button_text=&quot;Dziecko nie chce i\u015b\u0107 do przedszkola?&quot; _builder_version=&quot;4.16&quot; _module_preset=&quot;default&quot; custom_button=&quot;on&quot; button_text_size=&quot;16px&quot; button_bg_color=&quot;rgba(0,0,0,0)&quot; button_border_color=&quot;rgba(0,0,0,0)&quot; button_font=&quot;Open Sans|700|||||||&quot; button_icon=&quot;=||divi||400&quot; button_icon_color=&quot;#fa6900&quot; button_icon_placement=&quot;left&quot; button_on_hover=&quot;off&quot; custom_margin=&quot;-10px||-10px|-10px|true|false&quot; global_colors_info=&quot;{}&quot;][\/et_pb_button][et_pb_button button_url=&quot;#klotnia&quot; button_text=&quot;Kryzys przedszkolaka &#8211; co to takiego?&quot; _builder_version=&quot;4.16&quot; _module_preset=&quot;default&quot; custom_button=&quot;on&quot; button_text_size=&quot;16px&quot; button_bg_color=&quot;rgba(0,0,0,0)&quot; button_border_color=&quot;rgba(0,0,0,0)&quot; button_font=&quot;Open Sans|700|||||||&quot; button_icon=&quot;=||divi||400&quot; button_icon_color=&quot;#fa6900&quot; button_icon_placement=&quot;left&quot; button_on_hover=&quot;off&quot; custom_margin=&quot;-10px||-10px|-10px|true|false&quot; global_colors_info=&quot;{}&quot;][\/et_pb_button][et_pb_button button_url=&quot;#praca&quot; button_text=&quot;Co robi\u0107?&quot; _builder_version=&quot;4.16&quot; _module_preset=&quot;default&quot; custom_button=&quot;on&quot; button_text_size=&quot;16px&quot; button_bg_color=&quot;rgba(0,0,0,0)&quot; button_border_color=&quot;rgba(0,0,0,0)&quot; button_font=&quot;Open Sans|700|||||||&quot; button_icon=&quot;=||divi||400&quot; button_icon_color=&quot;#fa6900&quot; button_icon_placement=&quot;left&quot; button_on_hover=&quot;off&quot; custom_margin=&quot;-10px||-10px|-10px|true|false&quot; global_colors_info=&quot;{}&quot;][\/et_pb_button][et_pb_button button_url=&quot;#kolega&quot; button_text=&quot;Magiczna rzecz!&quot; _builder_version=&quot;4.16&quot; _module_preset=&quot;default&quot; custom_button=&quot;on&quot; button_text_size=&quot;16px&quot; button_bg_color=&quot;rgba(0,0,0,0)&quot; button_border_color=&quot;rgba(0,0,0,0)&quot; button_font=&quot;Open Sans|700|||||||&quot; button_icon=&quot;=||divi||400&quot; button_icon_color=&quot;#fa6900&quot; button_icon_placement=&quot;left&quot; button_on_hover=&quot;off&quot; custom_margin=&quot;-10px||-10px|-10px|true|false&quot; global_colors_info=&quot;{}&quot;][\/et_pb_button][et_pb_button button_url=&quot;#drink&quot; button_text=&quot;Tego nigdy nie r\u00f3b!&quot; _builder_version=&quot;4.16&quot; _module_preset=&quot;default&quot; custom_button=&quot;on&quot; button_text_size=&quot;16px&quot; button_bg_color=&quot;rgba(0,0,0,0)&quot; button_border_color=&quot;rgba(0,0,0,0)&quot; button_font=&quot;Open Sans|700|||||||&quot; button_icon=&quot;=||divi||400&quot; button_icon_color=&quot;#fa6900&quot; button_icon_placement=&quot;left&quot; button_on_hover=&quot;off&quot; custom_margin=&quot;-10px||-10px|-10px|true|false&quot; global_colors_info=&quot;{}&quot;][\/et_pb_button][\/et_pb_column][et_pb_column type=&quot;1_2&quot; specialty_columns=&quot;2&quot; _builder_version=&quot;4.16&quot; custom_padding=&quot;|||&quot; global_colors_info=&quot;{}&quot; custom_padding__hover=&quot;|||&quot;][\/et_pb_column][\/et_pb_section][et_pb_section fb_built=&quot;1&quot; _builder_version=&quot;4.16&quot; _module_preset=&quot;default&quot; custom_margin=&quot;-30px||0px||false|false&quot; global_colors_info=&quot;{}&quot; custom_padding__hover_enabled=&quot;on|desktop&quot;][et_pb_row use_custom_gutter=&quot;on&quot; make_equal=&quot;on&quot; module_id=&quot;etapy&quot; _builder_version=&quot;4.16&quot; _module_preset=&quot;default&quot; custom_margin=&quot;-20px||||false|false&quot; custom_margin_tablet=&quot;&quot; custom_margin_phone=&quot;&quot; custom_margin_last_edited=&quot;on|desktop&quot; global_colors_info=&quot;{}&quot;][et_pb_column type=&quot;4_4&quot; _builder_version=&quot;4.16&quot; _module_preset=&quot;default&quot; global_colors_info=&quot;{}&quot;][et_pb_text module_id=&quot;komfort&quot; _builder_version=&quot;4.16&quot; _module_preset=&quot;default&quot; text_font_size=&quot;18px&quot; header_font=&quot;Open Sans||||||||&quot; header_text_align=&quot;center&quot; header_font_size=&quot;35px&quot; header_2_font=&quot;Open Sans||||||||&quot; header_2_font_size=&quot;28px&quot; global_colors_info=&quot;{}&quot;]<\/p>\n<h1><b>Dziecko nie chce i\u015b\u0107 do przedszkola? Jak si\u0119 zachowa\u0107?<\/b><\/h1>\n<p><span style=\"font-weight: 400;\">Mamo nie chce i\u015b\u0107 do przedszkola! Mamo czy musz\u0119 i\u015b\u0107 jutro do przedszkola? Mamo czy jutro idziemy do przedszkola? Mamo b\u0119d\u0119 bardzo t\u0119skni\u0142 za tob\u0105! Mamo prosz\u0119 mog\u0119 jutro zosta\u0107 w domu? Mamo wypisz mnie z przedszkola! Prosz\u0119! &#8211; Czy brzmi mi to dla ciebie znajomo? <\/span><\/p>\n<p><span style=\"font-weight: 400;\"><strong>Dziecko wyra\u017anie daje nam sygna\u0142y, \u017ce nie chce i\u015b\u0107 do przedszkola<\/strong>. Co mamy w tej sytuacji zrobi\u0107? Jak si\u0119 zachowa\u0107? Jak mo\u017cemy pom\u00f3c naszemu dziecku? To nie jest \u0142atwa sytuacja dla rodzica. <\/span><\/p>\n<p><span style=\"font-weight: 400;\">Zazdro\u015bcimy wr\u0119cz wszystkim tym rodzicom, kt\u00f3rzy nie musz\u0105 s\u0142ucha\u0107 tych pyta\u0144. Zazdro\u015bcimy wszystkim tym rodzicom, kt\u00f3rzy nie maj\u0105 tego problemu. Albo my\u015blimy, \u017ce go nie maj\u0105.<\/span><\/p>\n<p><span style=\"font-weight: 400;\">Musimy wiedzie\u0107 \u017ce nasze dzieci r\u00f3\u017cni\u0105 si\u0119 od siebie. Cz\u0119\u015b\u0107 dzieci ma trudno\u015b\u0107 z adoptowaniem si\u0119 do nowych warunk\u00f3w. Nie lubi\u0105 zawiera\u0107 nowych znajomo\u015bci. Najlepiej bawi\u0105 si\u0119 w swoim towarzystwie i najch\u0119tniej zosta\u0142yby w domu z mam\u0105.\u00a0<\/span><\/p>\n<p><span style=\"font-weight: 400;\">Z kolei druga cz\u0119\u015b\u0107 dzieci nie ma problemu z przystosowaniem si\u0119 do nowych warunk\u00f3w. Uwielbiaj\u0105 zawiera\u0107 nowe znajomo\u015bci. Ch\u0119tnie bawi\u0105 si\u0119 z innymi dzie\u0107mi. Brak obecno\u015bci rodzica nie stanowi \u017cadnego problemu. <strong>Nawet nie zwracaj\u0105 uwagi na to, \u017ce rodzica nie ma blisko.<\/strong><\/span><\/p>\n<p><span style=\"font-weight: 400;\">W ostatnim moim artykule:\u00a0<a href=\"http:\/\/vaxhoib.cluster100.hosting.ovh.net\/zaswiadczenie-o-alergii-do-przedszkola\/\" target=\"_blank\" rel=\"noopener\">Za\u015bwiadczenie o alergii do przedszkola<\/a> &#8211; wspomnia\u0142am o tym, \u017ce m\u00f3j syn ch\u0119tnie chodzi do przedszkola. Wr\u0119cz nie mo\u017ce si\u0119 doczeka\u0107, kiedy p\u00f3jdzie do przedszkola. Rano wstawa\u0142 zawsze przed budzikiem, tylko dlatego, \u017ceby nie sp\u00f3\u017ani\u0107 si\u0119 na tramwaj do przedszkola. <\/span><\/p>\n<p><span style=\"font-weight: 400;\">Tak, jest to niespotykane, albo bardzo rzadko spotykane zjawisko. Chocia\u017c ja si\u0119gaj\u0105c pami\u0119ci\u0105 te\u017c bardzo ch\u0119tnie chodzi\u0142am do przedszkola. Ale nie o mnie ma by\u0107 ten wpis. Wychwali\u0142am mojego syna, \u017ce bardzo ch\u0119tnie chodzi do przedszkola, a <strong>kiedy tylko zdobyli\u015bmy za\u015bwiadczenie o alergii do przedszkola &#8211; co\u015b mu si\u0119 nagle odmieni\u0142o<\/strong>. Nie mo\u017ce by\u0107 \u0142atwo prawda?<\/span><\/p>\n<p><span style=\"font-weight: 400;\">Pierwsze walczy\u0142am z infekcj\u0105, p\u00f3\u017aniej potrzebowa\u0142am za\u015bwiadczenia o alergii i kiedy wszystko wydawa\u0142oby si\u0119 &#8211; by\u0107 idealne &#8211; m\u00f3j syn mia\u0142 kryzys przedszkolaka.<\/span><\/p>\n<p>[\/et_pb_text][et_pb_image src=&quot;http:\/\/vaxhoib.cluster100.hosting.ovh.net\/wp-content\/uploads\/2021\/10\/Dziecko-bawi-sie-w-przedszkolu.jpg&quot; alt=&quot;Dziecko w przedszkolu&quot; title_text=&quot;Dziecko w przedszkolu&quot; _builder_version=&quot;4.16&quot; _module_preset=&quot;default&quot; global_colors_info=&quot;{}&quot;][\/et_pb_image][\/et_pb_column][\/et_pb_row][et_pb_row use_custom_gutter=&quot;on&quot; make_equal=&quot;on&quot; module_id=&quot;klotnia&quot; _builder_version=&quot;4.16&quot; _module_preset=&quot;default&quot; custom_margin=&quot;-20px||||false|false&quot; custom_margin_tablet=&quot;&quot; custom_margin_phone=&quot;&quot; custom_margin_last_edited=&quot;on|desktop&quot; global_colors_info=&quot;{}&quot;][et_pb_column type=&quot;4_4&quot; _builder_version=&quot;4.16&quot; _module_preset=&quot;default&quot; global_colors_info=&quot;{}&quot;][et_pb_text module_id=&quot;komfort&quot; _builder_version=&quot;4.16&quot; _module_preset=&quot;default&quot; text_font_size=&quot;18px&quot; quote_font_size=&quot;23px&quot; header_font=&quot;Open Sans||||||||&quot; header_font_size=&quot;35px&quot; header_2_font=&quot;Open Sans||||||||&quot; header_2_text_align=&quot;center&quot; header_2_font_size=&quot;30px&quot; header_3_font_size=&quot;26px&quot; global_colors_info=&quot;{}&quot;]<\/p>\n<h2><span style=\"font-weight: 400;\">Kryzys Przedszkolaka co to takiego?<\/span><\/h2>\n<p><span style=\"font-weight: 400;\">Co\u015b, co z pocz\u0105tku fascynowa\u0142o nasze dziecko to znaczy: nowe miejsce, nowe zabawki, inni koledzy, ciekawe zaj\u0119cia &#8211; <strong>zacz\u0119\u0142o mu si\u0119 zwyczajnie nudzi\u0107<\/strong>. <\/span><\/p>\n<p><span style=\"font-weight: 400;\">Po jakim\u015b czasie co\u015b, co by\u0142o wcze\u015bniej nowe fascynuj\u0105ce, sta\u0142o si\u0119 stare i ju\u017c mniej ciekawe. To normalne.\u00a0<\/span><\/p>\n<p><span style=\"font-weight: 400;\"><strong>Min\u0119\u0142a pierwsza fascynacja przedszkolem i dziecko zauwa\u017cy\u0142o sta\u0142y rytm przedszkola.<\/strong> Dziecko zna wszystkie zakamarki przedszkola, wie gdzie, co si\u0119 znajduje. Gdzie s\u0105: kredki, puzzle, gry, samochody, klocki. Nowi koledzy ju\u017c si\u0119 nie pojawiaj\u0105. <strong>Po kilku dniach, czy tygodniach \u2014 czas pierwszej fascynacji przemija.<\/strong> Wtedy te\u017c pojawia si\u0119 znudzenie i t\u0119sknota za rodzicem.\u00a0<\/span><\/p>\n<p><span style=\"font-weight: 400;\">Poza tym nasz przedszkolak zacz\u0105\u0142 d\u0142u\u017cej zostawa\u0107 w przedszkolu ni\u017c na pocz\u0105tku. W okresie adaptacji zostawa\u0142 tylko na 2-3 h. Ka\u017cdego nast\u0119pnego dnia, ten czas zosta\u0142 wyd\u0142u\u017cony. D\u0142u\u017cszy czas pobytu w przedszkolu, oznacza dla dziecka wi\u0119ksze zm\u0119czenie, nawet je\u015bli dziecko mia\u0142o drzemk\u0119 w przedszkolu.\u00a0<\/span><\/p>\n<p><span style=\"font-weight: 400;\"><strong>Dziecko zatem jest znudzone i zm\u0119czone &#8211; st\u0105d pojawi\u0142 si\u0119 kryzys przedszkolaka, kt\u00f3ry oczywi\u015bcie minie<\/strong>. Po prostu trzeba ten okres przeczeka\u0107 i wykaza\u0107 si\u0119 spokojem i cierpliwo\u015bci\u0105.<\/span><\/p>\n<h2><span style=\"font-weight: 400;\">Moje dziecko nie chce i\u015b\u0107 do przedszkola. Co robi\u0107?<\/span><\/h2>\n<p><span style=\"font-weight: 400;\">Jak mo\u017cna zach\u0119ci\u0107 swoje dziecko, \u017ceby chcia\u0142o chodzi do przedszkola?<\/span><\/p>\n<p><span style=\"font-weight: 400;\"> Poni\u017cej znajdziesz kilka sprawdzonych rozwi\u0105za\u0144, kt\u00f3re wykorzysta\u0142am u siebie.<\/span><span style=\"font-weight: 400;\"><\/span><\/p>\n<h3><span style=\"font-weight: 400;\">Opowiadanie<\/span><span style=\"font-weight: 400;\"><\/span><\/h3>\n<p><span style=\"font-weight: 400;\">Opowiedz dziecku histori\u0119 o swoim pobycie w przedszkolu. Opowiedz mu o tym, co ty lubi\u0142e\u015b robi\u0107 w przedszkolu, co ci utkwi\u0142o w pami\u0119ci najbardziej, opowiedz o swoim najlepszym koledze (kole\u017cance). <\/span><\/p>\n<p><span style=\"font-weight: 400;\">Opowiedz te\u017c o tym, czego nie lubi\u0142e\u015b w przedszkolu i jak pokona\u0142e\u015b t\u0105 przeszkod\u0119 w tamtym czasie. Powiedz dziecku czego si\u0119 ba\u0142e\u015b i jakie mia\u0142e\u015b zmartwienia. Czy to czego si\u0119 obawia\u0142e\u015b w og\u00f3le si\u0119 wydarzy\u0142o?<\/span><span style=\"font-weight: 400;\"><\/span><\/p>\n<p><span style=\"font-weight: 400;\">Opowiedz dziecku czego si\u0119 nauczy\u0142e\u015b w przedszkolu? Jaka wycieczka podoba\u0142a ci si\u0119 najbardziej! Jakie by\u0142y twoje ulubione zaj\u0119cia?<\/span><\/p>\n<blockquote>\n<p><span style=\"font-weight: 400;\">\u201eWszystkiego, co naprawd\u0119 warto wiedzie\u0107 nauczy\u0142em si\u0119 w przedszkolu\u201d &#8211; Robert Fulghum -filozof<\/span><\/p>\n<\/blockquote>\n<p>[\/et_pb_text][et_pb_image src=&quot;http:\/\/vaxhoib.cluster100.hosting.ovh.net\/wp-content\/uploads\/2021\/10\/Zabawa-w-przedszkole.jpg&quot; alt=&quot;Nauka w przedszkolu&quot; title_text=&quot;Nauka w przedszkolu&quot; _builder_version=&quot;4.16&quot; _module_preset=&quot;default&quot; global_colors_info=&quot;{}&quot;][\/et_pb_image][\/et_pb_column][\/et_pb_row][et_pb_row use_custom_gutter=&quot;on&quot; make_equal=&quot;on&quot; module_id=&quot;praca&quot; _builder_version=&quot;4.16&quot; _module_preset=&quot;default&quot; custom_margin=&quot;-20px||||false|false&quot; custom_margin_tablet=&quot;&quot; custom_margin_phone=&quot;&quot; custom_margin_last_edited=&quot;on|desktop&quot; global_colors_info=&quot;{}&quot;][et_pb_column type=&quot;4_4&quot; _builder_version=&quot;4.16&quot; _module_preset=&quot;default&quot; global_colors_info=&quot;{}&quot;][et_pb_text module_id=&quot;komfort&quot; _builder_version=&quot;4.16&quot; _module_preset=&quot;default&quot; text_font_size=&quot;18px&quot; header_font=&quot;Open Sans||||||||&quot; header_font_size=&quot;35px&quot; header_2_font=&quot;Open Sans||||||||&quot; header_2_font_size=&quot;28px&quot; header_3_text_align=&quot;center&quot; header_3_font_size=&quot;28px&quot; global_colors_info=&quot;{}&quot;]<\/p>\n<h3><span style=\"font-weight: 400;\">Przeczytaj dziecku bajk\u0119<\/span><\/h3>\n<p><span style=\"font-weight: 400;\">L\u0119k i niepok\u00f3j naszego dziecka mog\u0105 wynika\u0107 z braku znajomo\u015bci organizacji \u017cycia przedszkola. By\u0107 mo\u017ce dziecko obawia si\u0119, \u017ce b\u0119dzie potrzebowa\u0142 pomocy doros\u0142ego, kt\u00f3ra nie zostanie mu udzielona.\u00a0<\/span><\/p>\n<p><span style=\"font-weight: 400;\">\u201eMamo powiesz pani, \u017ceby pomog\u0142a ubra\u0107 mi kurtk\u0119?\u201d<\/span><\/p>\n<p><span style=\"font-weight: 400;\">\u201eMamo zapytasz pani\u0105: czy musz\u0119 dzisiaj spa\u0107 w przedszkolu?\u201d<\/span><\/p>\n<p><span style=\"font-weight: 400;\"><strong>Dla ciebie mog\u0105 to si\u0119 wydawa\u0107 bardzo b\u0142ahe pytania, ale dla dziecka &#8211; to jest bardzo du\u017cy problem<\/strong>. <\/span><\/p>\n<p><span style=\"font-weight: 400;\">Dziecko prze\u017cywa stres, obawia si\u0119, \u017ce nie otrzyma pomocy. By\u0107 mo\u017ce stresuje go nawet: proszenie o pomoc. Obawia si\u0119, \u017ce b\u0119dzie musia\u0142 poradzi\u0107 sobie sam bez mamy, <strong>bo przecie\u017c mamy tutaj nie ma<\/strong>.\u00a0<\/span><\/p>\n<p><span style=\"font-weight: 400;\">Dlatego polecam ci: <a href=\"https:\/\/gohere.pl\/p\/pmj0\/YD9A\/SRgX?dl=br8mTTXJ\" target=\"_blank\" rel=\"noopener\">przeczyta\u0107 bajk\u0119 dziecku<\/a>, by potrafi\u0142o sobie wyobrazi\u0107, jak to wszystko funkcjonuje. <\/span><\/p>\n<p><span style=\"font-weight: 400;\">Ja czyta\u0142am swojemu synowi dwa miesi\u0105ce przed p\u00f3j\u015bciem do przedszkola ksi\u0105\u017ck\u0119, kt\u00f3r\u0105 mog\u0119 ci teraz poleci\u0107: <a href=\"https:\/\/gohere.pl\/p\/pmj0\/YD9A\/SRgX?dl=lhltyec6\" target=\"_blank\" rel=\"noopener\">Felu\u015b i Gucio id\u0105 do przedszkola<\/a>. Z tej ksi\u0105\u017cki dziecko mo\u017ce dowiedzie\u0107 si\u0119 jak wygl\u0105daj\u0105 sale w przedszkolu, co b\u0119d\u0105 robi\u0107, w jakich zaj\u0119ciach i wydarzeniach b\u0119d\u0105 uczestniczy\u0107. G\u0142\u00f3wny Bohater Felu\u015b ma mn\u00f3stwo pyta\u0144 dotycz\u0105cych przedszkola, dlatego tam te\u017c poznaje odpowiedzi na nurtuj\u0105ce go pytania: <strong>czy spotka tam znajome dzieci? W czym pomo\u017ce mu pani? Co b\u0119dzie, je\u015bli nagle zat\u0119skni za mam\u0105?\u00a0<\/strong><\/span><\/p>\n<p><span style=\"font-weight: 400;\">Mog\u0119 r\u00f3wnie\u017c poleci\u0107 serial dla dzieci, kt\u00f3ry mo\u017cesz obejrze\u0107 z dzieckiem na <a href=\"https:\/\/www.netflix.com\/pl\/\">Netflix &#8211; Tygrysek Daniel i jego s\u0105siedzi<\/a>. Jest to anonimowy serial dla przedszkolak\u00f3w, kt\u00f3ry pomaga dzieciom rozwija\u0107 umiej\u0119tno\u015bci spo\u0142eczne. G\u0142\u00f3wny Bohater Tygrysek Daniel z ch\u0119ci\u0105 ucz\u0119szcza do przedszkola, a nawet ma swoj\u0105 ulubion\u0105 piosenk\u0119, kt\u00f3r\u0105 zawsze \u015bpiewa przed wyj\u015bciem (m\u00f3j syn te\u017c j\u0105 zacz\u0105\u0142 \u015bpiewa\u0107). Dzi\u0119ki tej bajce twoje dziecko mo\u017ce r\u00f3wnie\u017c pozna\u0107: r\u00f3\u017cne emocje, uczucia i zachowania innych dzieci. Mo\u017ce zrozumie\u0107 dlaczego:<\/span><\/p>\n<ul>\n<li><span style=\"font-weight: 400;\"> czuje z\u0142o\u015b\u0107, <\/span><\/li>\n<li><span style=\"font-weight: 400;\">denerwuje si\u0119, <\/span><\/li>\n<li><span style=\"font-weight: 400;\">czuje si\u0119 zazdrosny, <\/span><\/li>\n<li><span style=\"font-weight: 400;\">czuj\u0119 si\u0119 samotny.\u00a0<\/span><\/li>\n<\/ul>\n<p><span style=\"font-weight: 400;\">Wi\u0119cej bajek jakie polecam mo\u017cesz przeczyta\u0107 w artykule: <a href=\"http:\/\/vaxhoib.cluster100.hosting.ovh.net\/bajki-o-przedszkolu\/\" target=\"_blank\" rel=\"noopener\">Bajki o przedszkolu<\/a><\/span><\/p>\n<p>[\/et_pb_text][et_pb_image src=&quot;http:\/\/vaxhoib.cluster100.hosting.ovh.net\/wp-content\/uploads\/2021\/10\/Dziewczynka-z-misiem.jpg&quot; alt=&quot;Magiczna rzecz &#8211; dziewczynka z misiem&quot; title_text=&quot;Magiczna rzecz &#8211; dziewczynka z misiem&quot; _builder_version=&quot;4.16&quot; _module_preset=&quot;default&quot; global_colors_info=&quot;{}&quot;][\/et_pb_image][\/et_pb_column][\/et_pb_row][et_pb_row use_custom_gutter=&quot;on&quot; make_equal=&quot;on&quot; module_id=&quot;kolega&quot; _builder_version=&quot;4.16&quot; _module_preset=&quot;default&quot; custom_margin=&quot;-20px||||false|false&quot; custom_margin_tablet=&quot;&quot; custom_margin_phone=&quot;&quot; custom_margin_last_edited=&quot;on|desktop&quot; global_colors_info=&quot;{}&quot;][et_pb_column type=&quot;4_4&quot; _builder_version=&quot;4.16&quot; _module_preset=&quot;default&quot; global_colors_info=&quot;{}&quot;][et_pb_text module_id=&quot;komfort&quot; _builder_version=&quot;4.16&quot; _module_preset=&quot;default&quot; text_font_size=&quot;18px&quot; header_font=&quot;Open Sans||||||||&quot; header_font_size=&quot;35px&quot; header_2_font=&quot;Open Sans||||||||&quot; header_2_font_size=&quot;28px&quot; header_3_text_align=&quot;center&quot; header_3_font_size=&quot;28px&quot; global_colors_info=&quot;{}&quot;]<\/p>\n<h3><span style=\"font-weight: 400;\">Zabawa w przedszkole<\/span><\/h3>\n<p><span style=\"font-weight: 400;\">Przyznam szczerze, \u017ce nie zna\u0142am tego sposobu. Sama o tej zabawie dowiedzia\u0142am si\u0119 przypadkiem. Spr\u00f3bowa\u0142am w domu i my\u015bl\u0119, \u017ce du\u017co to zadzia\u0142a\u0142o. <\/span><\/p>\n<p><span style=\"font-weight: 400;\">Tutaj chyba nie musz\u0105 wiele t\u0142umaczy\u0107. Wystarczy zrobi\u0107 z naszego domu ma\u0142e przedszkole. Nasze dziecko mo\u017ce odgrywa\u0107 w tym przedszkolu dowoln\u0105 rol\u0119, tzn. albo by\u0107 nauczycielem, albo przedszkolakiem. <\/span><\/p>\n<p><span style=\"font-weight: 400;\">M\u00f3j syn chcia\u0142 zosta\u0107 nauczycielem. Wszystkie swoje misie porozstawia\u0142 po &#8220;r\u00f3\u017cnych k\u0105tach pokoju&#8221; i ka\u017cdemu zapewni\u0142 jak\u0105\u015b rozrywk\u0119. Niekt\u00f3re misie bawi\u0142y si\u0119 klockami, inne maskotki bawi\u0142y si\u0119 samochodami, by\u0142y r\u00f3wnie\u017c i takie misie, kt\u00f3re nie mia\u0142y ochoty niczym si\u0119 bawi\u0107 &#8211; tym misiom m\u00f3j syn czyta\u0142 ksi\u0105\u017ceczk\u0119. <\/span><\/p>\n<p><span style=\"font-weight: 400;\">Jak dla mnie zabawa w przedszkole to sprawdzony i skuteczny spos\u00f3b.\u00a0<\/span><\/p>\n<h3><span style=\"font-weight: 400;\">Magiczna rzecz<\/span><\/h3>\n<p><span style=\"font-weight: 400;\">Zadaj swojemu dziecku pytania:<\/span><\/p>\n<p><span style=\"font-weight: 400;\">Co mog\u0142abym zrobi\u0107, \u017ceby\u015b lepiej poczu\u0142 si\u0119 w przedszkolu?<\/span><\/p>\n<p><span style=\"font-weight: 400;\">Co sprawi, \u017ce b\u0119dziesz chcia\u0142 tam ch\u0119tnie zosta\u0107?<\/span><\/p>\n<p><span style=\"font-weight: 400;\">Czy mog\u0119 ci w tym pom\u00f3c?<\/span><\/p>\n<p><span style=\"font-weight: 400;\"><strong>Ka\u017cde dziecko ma swoj\u0105 ulubion\u0105 rzecz (kocyk, maskotk\u0119, lalk\u0119, samochodzik) wykorzystaj to<\/strong> i powiedz do dziecka:<\/span><\/p>\n<p><span style=\"font-weight: 400;\"> \u201eMam wspania\u0142y pomys\u0142, kt\u00f3ry my\u015bl\u0119 \u017ce mo\u017ce ci pom\u00f3c. Zabierz jutro do przedszkola sw\u00f3j magiczny kocyk (kocyk &#8211; ulubiona rzecz mojego syna, zawsze z nim \u015bpi), kt\u00f3ry da ci si\u0142\u0119 i magiczn\u0105 moc. Jestem pewna, \u017ce kiedy zat\u0119sknisz za mn\u0105 i przytulisz si\u0119 do swojego kocyka, on ci pomo\u017ce w tym czasie, kiedy nie b\u0119d\u0119 mog\u0142a by\u0107 blisko ciebie. Ale jak wiesz pojawi\u0119 si\u0119 za nied\u0142ugo. Co o tym my\u015blisz? Czy to dobry pomys\u0142? Spr\u00f3bujemy?&#8221;<\/span><\/p>\n<p><span style=\"font-weight: 400;\"> M\u00f3j syn ch\u0119tny jest eksperymentowania. Zgodzi\u0142 si\u0119 i to by\u0142 strza\u0142 w dziesi\u0105tk\u0119. Zamieni\u0142 pytania. Zamiast zada\u0107 pytanie: Czy musz\u0119 i\u015b\u0107 jutro do przedszkola? Pytanie brzmi teraz: <strong>Mamo mog\u0119 jutro zabra\u0107 m\u00f3j kocyk do przedszkola?<\/strong>\u00a0<\/span><\/p>\n<p><span style=\"font-weight: 400;\">Uff\u2026 co za ulga!<\/span><\/p>\n<p>[\/et_pb_text][et_pb_image src=&quot;http:\/\/vaxhoib.cluster100.hosting.ovh.net\/wp-content\/uploads\/2021\/10\/Dziecko-placze-w-przedszkolu.jpg&quot; alt=&quot;Smutne dziecko w przedszkolu&quot; title_text=&quot;Smutne dziecko w przedszkolu&quot; _builder_version=&quot;4.16&quot; _module_preset=&quot;default&quot; global_colors_info=&quot;{}&quot;][\/et_pb_image][\/et_pb_column][\/et_pb_row][et_pb_row use_custom_gutter=&quot;on&quot; make_equal=&quot;on&quot; module_id=&quot;nieszkodzic&quot; _builder_version=&quot;4.16&quot; _module_preset=&quot;default&quot; custom_margin=&quot;-20px||||false|false&quot; custom_margin_tablet=&quot;&quot; custom_margin_phone=&quot;&quot; custom_margin_last_edited=&quot;on|desktop&quot; global_colors_info=&quot;{}&quot;][et_pb_column type=&quot;4_4&quot; _builder_version=&quot;4.16&quot; _module_preset=&quot;default&quot; global_colors_info=&quot;{}&quot;][et_pb_text module_id=&quot;komfort&quot; _builder_version=&quot;4.16&quot; _module_preset=&quot;default&quot; text_font_size=&quot;18px&quot; header_font=&quot;Open Sans||||||||&quot; header_font_size=&quot;35px&quot; header_2_font=&quot;Open Sans||||||||&quot; header_2_text_align=&quot;center&quot; header_2_font_size=&quot;28px&quot; header_3_text_align=&quot;center&quot; header_3_font_size=&quot;26px&quot; header_4_font_size=&quot;24px&quot; global_colors_info=&quot;{}&quot;]<\/p>\n<h3><span style=\"font-weight: 400;\">Zapracowana mama<\/span><\/h3>\n<p><span style=\"font-weight: 400;\">Nie wykorzysta\u0142am tego sposobu, poniewa\u017c ju\u017c nie musia\u0142am. Ale dziel\u0119 si\u0119 nim, bo by\u0107 mo\u017ce u was to si\u0119 sprawdzi. Zosta\u0144 ze swoim dzieckiem 2 &#8211; 3 dni w domu i poka\u017c mu: jak wasz dzie\u0144 b\u0119dzie wsp\u00f3lnie wygl\u0105da\u0142, gdy on nie p\u00f3jdzie do przedszkola.<\/span><\/p>\n<p><span style=\"font-weight: 400;\"> W czasie gdy dziecko powinno by\u0107 w przedszkolu, zajmij si\u0119 swoj\u0105 prac\u0105. Wyt\u0142umacz dziecku, \u017ce teraz nie masz dla niego czasu bo musisz pracowa\u0107. <\/span><\/p>\n<p><span style=\"font-weight: 400;\">Nie jest to przyjemne, ale poka\u017c dziecku, \u017ce nie zawsze mo\u017cesz si\u0119 z nim bawi\u0107. Masz te\u017c inne wa\u017cne obowi\u0105zki. <\/span><\/p>\n<p><span style=\"font-weight: 400;\">Gdy po tych trzech dniach ponownie p\u00f3jdzie do przedszkola, gdy wr\u00f3cicie z przedszkola po\u015bwi\u0119ci\u0107 mu du\u017co czasu na zabaw\u0119. Niech zobaczy r\u00f3\u017cnic\u0119.\u00a0<\/span><\/p>\n<p><span style=\"font-weight: 400;\">Wyt\u0142umacz dziecku, \u017ce w tym czasie gdy on by\u0142 w przedszkolu mog\u0142a\u015b poza\u0142atwia\u0107 wszystkie swoje sprawy i teraz mo\u017cecie du\u017co czasu sp\u0119dzi\u0107 w przyjemny spos\u00f3b.\u00a0<\/span><\/p>\n<p><span style=\"font-weight: 400;\">Ten spos\u00f3b podsun\u0119\u0142a mi kole\u017canka. Zasugerowa\u0142a, \u017cebym zrobi\u0142a swojemu dziecku &#8220;gorszy dzie\u0144&#8221;- u niej ten spos\u00f3b si\u0119 sprawdzi\u0142. Tak jak wspomnia\u0142am ja tego sposobu nie wykorzysta\u0142am. Na szcz\u0119\u015bcie nie musia\u0142am.\u00a0<\/span><\/p>\n<h2><b>Tego nigdy nie r\u00f3b!<\/b><\/h2>\n<ul>\n<li><span style=\"font-weight: 400;\">Nie \u015bpiesz si\u0119 rano. Dziecko powinno bez po\u015bpiechu i bez zb\u0119dnego stresu rozpocz\u0105\u0107 nowy dzie\u0144. Dlatego lepiej wcze\u015bniej wsta\u0107 i zabezpieczy\u0107 si\u0119 czasem na zapas.\u00a0<\/span><\/li>\n<li><span style=\"font-weight: 400;\">Nigdy nie m\u00f3w dziecku, \u017ce musi chodzi\u0107 do przedszkola bo to jego obowi\u0105zek taki sam jak: mama czy tata musz\u0105 chodzi\u0107 do pracy. Dziecko powinno kojarzy\u0107 Przedszkole z czym\u015b przyjemnym ( oczywi\u015bcie praca te\u017c mo\u017ce by\u0107 przyjemna). Ten argument przyniesie odwrotny efekt do zamierzonego.\u00a0<\/span><\/li>\n<\/ul>\n<p><span style=\"font-weight: 400;\">Gdy przychodzisz do przedszkola po dziecko nie zadawaj mu pytania na wst\u0119pie: <\/span><\/p>\n<ul>\n<li><span style=\"font-weight: 400;\">Jak by\u0142o w przedszkolu? <\/span><\/li>\n<li><span style=\"font-weight: 400;\">Co robili\u015bcie dzisiaj w przedszkolu? <\/span><\/li>\n<li><span style=\"font-weight: 400;\">T\u0119skni\u0142e\u015b za mam\u0105? <\/span><\/li>\n<\/ul>\n<p><span style=\"font-weight: 400;\"><strong>Zamiast tych pyta\u0144, powiedz do dziecka<\/strong>: Jak mi\u0142o ci\u0119 widzie\u0107! Mam dla ciebie niespodziank\u0119! (tutaj wymie\u0144 jak\u0105 niespodzianke: p\u00f3jdziemy na lody, p\u00f3jdziemy na plac zabaw, p\u00f3jdziemy na spacer &#8211; co\u015b przyjemnego, co zrobicie razem). My mamy sw\u00f3j rytua\u0142. Zawsze po przedszkolu idziemy do piekarni po biszkopty z cukrem (biszkopty s\u0105 bez cukru, ale ja je tak nazwa\u0142am) po czym spacerujemy jeszcze razem po parku.\u00a0<\/span><\/p>\n<ul>\n<li><span style=\"font-weight: 400;\">Nie sp\u00f3\u017aniaj si\u0119 po dziecko do przedszkola.<\/span><\/li>\n<li>Nie ok\u0142amuj swojego dziecka. Staraj si\u0119 nie ucieka\u0107, wymyka\u0107 si\u0119 z przedszkola &#8220;po cichu&#8221; &#8211; zapewniaj\u0105c dziecko, \u017ce zaraz po niego wr\u00f3cisz. Ustal\u0119 z dzieckiem konkretn\u0105 por\u0119 o kt\u00f3rej po niego przyjdziesz.<\/li>\n<\/ul>\n<p><strong>Po\u017cegnaj swoje dziecko z u\u015bmiechem i powiedz mu jakim jeste\u015b dumnym rodzicem!<\/strong><\/p>\n<p>Polecam!\u00a0<\/p>\n<p><a href=\"https:\/\/gohere.pl\/p\/pmj0\/YD9A\/SRgX?dl=8IKSUoIw\" target=\"_blank\" rel=\"noopener\">Kolekcja przedszkolaka<\/a> &#8211; to nowa seria przeznaczona dla trzylatk\u00f3w i czterolatk\u00f3w. Seria zabiera dzieci w fascynuj\u0105c\u0105 podr\u00f3\u017c przez \u017cywio\u0142y \u2013 ziemi\u0119, ogie\u0144, wod\u0119 i powietrze \u2013 oraz ich r\u00f3\u017cne oblicza wyra\u017cane barwami, emocjami, skojarzeniami, porami roku. Poszczeg\u00f3lne zabawy i \u0107wiczenia zach\u0119caj\u0105 dzieci do aktywno\u015bci poznawczej, kt\u00f3ra u\u0142atwia przyswajanie wiedzy i umiej\u0119tno\u015bci\u2026 bo przecie\u017c najlepiej pami\u0119tamy to, czego sami do\u015bwiadczamy i co prze\u017cywamy.<strong><br \/><\/strong><\/p>\n<p>[\/et_pb_text][et_pb_image src=&quot;http:\/\/vaxhoib.cluster100.hosting.ovh.net\/wp-content\/uploads\/2021\/10\/dziecko-w-przedszkolu.jpg&quot; alt=&quot;Dziecko nie chce i\u015b\u0107 do przedszkola&quot; title_text=&quot;Smutne dziecko w przedszkolu&quot; _builder_version=&quot;4.16&quot; _module_preset=&quot;default&quot; global_colors_info=&quot;{}&quot;][\/et_pb_image][\/et_pb_column][\/et_pb_row][\/et_pb_section][et_pb_section fb_built=&quot;1&quot; module_id=&quot;grupa&quot; _builder_version=&quot;4.16&quot; _module_preset=&quot;default&quot; custom_margin=&quot;-28px||||false|false&quot; global_colors_info=&quot;{}&quot;][et_pb_row module_id=&quot;nadzieja&quot; _builder_version=&quot;4.16&quot; _module_preset=&quot;default&quot; custom_margin=&quot;-20px||-20px||false|false&quot; global_colors_info=&quot;{}&quot;][et_pb_column type=&quot;4_4&quot; _builder_version=&quot;4.16&quot; _module_preset=&quot;default&quot; global_colors_info=&quot;{}&quot;][et_pb_social_media_follow _builder_version=&quot;4.16&quot; _module_preset=&quot;default&quot; custom_margin=&quot;-11px||-11px||false|false&quot; global_colors_info=&quot;{}&quot;][et_pb_social_media_follow_network social_network=&quot;facebook&quot; _builder_version=&quot;4.16&quot; _module_preset=&quot;default&quot; background_color=&quot;#3b5998&quot; global_colors_info=&quot;{}&quot; follow_button=&quot;off&quot; url_new_window=&quot;on&quot;]facebook[\/et_pb_social_media_follow_network][et_pb_social_media_follow_network social_network=&quot;twitter&quot; _builder_version=&quot;4.16&quot; _module_preset=&quot;default&quot; background_color=&quot;#00aced&quot; global_colors_info=&quot;{}&quot; follow_button=&quot;off&quot; url_new_window=&quot;on&quot;]twitter[\/et_pb_social_media_follow_network][et_pb_social_media_follow_network social_network=&quot;instagram&quot; _builder_version=&quot;4.16&quot; _module_preset=&quot;default&quot; background_color=&quot;#ea2c59&quot; global_colors_info=&quot;{}&quot; follow_button=&quot;off&quot; url_new_window=&quot;on&quot;]instagram[\/et_pb_social_media_follow_network][et_pb_social_media_follow_network social_network=&quot;pinterest&quot; _builder_version=&quot;4.16&quot; _module_preset=&quot;default&quot; background_color=&quot;#cb2027&quot; global_colors_info=&quot;{}&quot; follow_button=&quot;off&quot; url_new_window=&quot;on&quot;]pinterest[\/et_pb_social_media_follow_network][et_pb_social_media_follow_network social_network=&quot;rss&quot; _builder_version=&quot;4.16&quot; _module_preset=&quot;default&quot; background_color=&quot;#ff8a3c&quot; global_colors_info=&quot;{}&quot; follow_button=&quot;off&quot; url_new_window=&quot;on&quot;]rss[\/et_pb_social_media_follow_network][\/et_pb_social_media_follow][\/et_pb_column][\/et_pb_row][\/et_pb_section][et_pb_section fb_built=&quot;1&quot; admin_label=&quot;Related Articles&quot; _builder_version=&quot;4.16&quot; custom_margin=&quot;-100px||||false|false&quot; global_colors_info=&quot;{}&quot;][et_pb_row _builder_version=&quot;4.16&quot; global_colors_info=&quot;{}&quot;][et_pb_column type=&quot;4_4&quot; _builder_version=&quot;4.16&quot; global_colors_info=&quot;{}&quot;][et_pb_text _builder_version=&quot;4.16&quot; header_2_font=&quot;Montserrat|700|||||||&quot; header_2_font_size=&quot;70px&quot; header_2_line_height=&quot;1.2em&quot; max_width=&quot;750px&quot; header_2_font_size_tablet=&quot;48px&quot; header_2_font_size_phone=&quot;36px&quot; header_2_font_size_last_edited=&quot;on|desktop&quot; locked=&quot;off&quot; global_colors_info=&quot;{}&quot;]<\/p>\n<h2>Warto przeczyta\u0107<\/h2>\n<p>[\/et_pb_text][et_pb_text _builder_version=&#8221;4.16&#8243; text_font=&#8221;Poppins|700|||||||&#8221; text_text_color=&#8221;rgba(0,0,0,0.06)&#8221; text_font_size=&#8221;107px&#8221; text_line_height=&#8221;1.2em&#8221; custom_margin=&#8221;-120px|||-120px|false|false&#8221; custom_margin_tablet=&#8221;-90px|||-60px|false|false&#8221; custom_margin_phone=&#8221;-70px|||-40px|false|false&#8221; custom_margin_last_edited=&#8221;on|desktop&#8221; text_font_size_tablet=&#8221;80px&#8221; text_font_size_phone=&#8221;60px&#8221; text_font_size_last_edited=&#8221;on|phone&#8221; locked=&#8221;off&#8221; global_colors_info=&#8221;{}&#8221;]<\/p>\n<p><span style=\"color: rgba(0, 0, 0, 0.06);\">Artyku\u0142y<\/span><\/p>\n<p>[\/et_pb_text][et_pb_blog fullwidth=&#8221;off&#8221; posts_number=&#8221;3&#8243; include_categories=&#8221;current&#8221; show_thumbnail=&#8221;off&#8221; show_more=&#8221;on&#8221; show_excerpt=&#8221;off&#8221; show_pagination=&#8221;off&#8221; _builder_version=&#8221;4.16&#8243; header_level=&#8221;h4&#8243; header_font=&#8221;Open Sans|700|||||||&#8221; header_font_size=&#8221;22px&#8221; header_line_height=&#8221;1.4em&#8221; meta_font=&#8221;Open Sans||||||||&#8221; meta_font_size=&#8221;12px&#8221; meta_line_height=&#8221;1.8em&#8221; read_more_font=&#8221;|600||on|||||&#8221; read_more_text_color=&#8221;#fa6900&#8243; read_more_font_size=&#8221;12px&#8221; read_more_letter_spacing=&#8221;4px&#8221; read_more_line_height=&#8221;1.8em&#8221; text_orientation=&#8221;center&#8221; border_color_all=&#8221;#e6e6e6&#8243; global_colors_info=&#8221;{}&#8221;][\/et_pb_blog][\/et_pb_column][\/et_pb_row][\/et_pb_section]<\/p>\n","protected":false},"excerpt":{"rendered":"<p>Co mam zrobi\u0107? Moje dziecko nie chce i\u015b\u0107 do przedszkola. Jak mam si\u0119 zachowa\u0107? Jak mu pom\u00f3c? <\/p>\n","protected":false},"author":3,"featured_media":13462,"comment_status":"open","ping_status":"open","sticky":false,"template":"","format":"standard","meta":{"_et_pb_use_builder":"on","_et_pb_old_content":"","_et_gb_content_width":"","footnotes":""},"categories":[2,3],"tags":[54,239,245,246,251,273,457,458,603,794,795,1122],"class_list":["post-13429","post","type-post","status-publish","format-standard","has-post-thumbnail","hentry","category-blog-odrudej","category-mama-i-dziecko","tag-bajka-o-przedszkolu","tag-dziecko","tag-dziecko-nie-chce-do-przedszkola","tag-dziecko-nie-chce-isc-do-przedszkola","tag-dziecko-teskni","tag-felus-i-gucio","tag-kryzys","tag-kryzys-przedszkolaka","tag-netflix","tag-przedszkolak","tag-przedszkole","tag-zabawa-w-przedszkole"],"_links":{"self":[{"href":"http:\/\/vaxhoib.cluster100.hosting.ovh.net\/index.php\/wp-json\/wp\/v2\/posts\/13429","targetHints":{"allow":["GET"]}}],"collection":[{"href":"http:\/\/vaxhoib.cluster100.hosting.ovh.net\/index.php\/wp-json\/wp\/v2\/posts"}],"about":[{"href":"http:\/\/vaxhoib.cluster100.hosting.ovh.net\/index.php\/wp-json\/wp\/v2\/types\/post"}],"author":[{"embeddable":true,"href":"http:\/\/vaxhoib.cluster100.hosting.ovh.net\/index.php\/wp-json\/wp\/v2\/users\/3"}],"replies":[{"embeddable":true,"href":"http:\/\/vaxhoib.cluster100.hosting.ovh.net\/index.php\/wp-json\/wp\/v2\/comments?post=13429"}],"version-history":[{"count":0,"href":"http:\/\/vaxhoib.cluster100.hosting.ovh.net\/index.php\/wp-json\/wp\/v2\/posts\/13429\/revisions"}],"wp:featuredmedia":[{"embeddable":true,"href":"http:\/\/vaxhoib.cluster100.hosting.ovh.net\/index.php\/wp-json\/"}],"wp:attachment":[{"href":"http:\/\/vaxhoib.cluster100.hosting.ovh.net\/index.php\/wp-json\/wp\/v2\/media?parent=13429"}],"wp:term":[{"taxonomy":"category","embeddable":true,"href":"http:\/\/vaxhoib.cluster100.hosting.ovh.net\/index.php\/wp-json\/wp\/v2\/categories?post=13429"},{"taxonomy":"post_tag","embeddable":true,"href":"http:\/\/vaxhoib.cluster100.hosting.ovh.net\/index.php\/wp-json\/wp\/v2\/tags?post=13429"}],"curies":[{"name":"wp","href":"https:\/\/api.w.org\/{rel}","templated":true}]}}