{"id":13471,"date":"2021-10-26T06:22:00","date_gmt":"2021-10-26T04:22:00","guid":{"rendered":"https:\/\/odrudej.pl\/?p=13471"},"modified":"2021-10-26T06:22:00","modified_gmt":"2021-10-26T04:22:00","slug":"bajki-o-przedszkolu","status":"publish","type":"post","link":"http:\/\/vaxhoib.cluster100.hosting.ovh.net\/index.php\/2021\/10\/26\/bajki-o-przedszkolu\/","title":{"rendered":"Bajki o przedszkolu &#8211; Pora do przedszkola"},"content":{"rendered":"<p>[et_pb_section fb_built=&quot;1&quot; specialty=&quot;on&quot; padding_top_1=&quot;0px&quot; padding_top_2=&quot;0px&quot; padding_top_bottom_link_1=&quot;false&quot; padding_top_bottom_link_2=&quot;false&quot; padding_left_right_link_1=&quot;false&quot; padding_left_right_link_2=&quot;false&quot; _builder_version=&quot;4.16&quot; _module_preset=&quot;default&quot; global_colors_info=&quot;{}&quot;][et_pb_column type=&quot;1_2&quot; _builder_version=&quot;4.16&quot; custom_padding=&quot;|||&quot; global_colors_info=&quot;{}&quot; custom_padding__hover=&quot;|||&quot;][et_pb_post_title meta=&quot;off&quot; featured_image=&quot;off&quot; _builder_version=&quot;4.16&quot; _module_preset=&quot;default&quot; title_font=&quot;Open Sans|700|||||||&quot; title_font_size=&quot;41px&quot; title_font_size_tablet=&quot;38px&quot; title_font_size_phone=&quot;36px&quot; title_font_size_last_edited=&quot;on|tablet&quot; global_colors_info=&quot;{}&quot;][\/et_pb_post_title][et_pb_blurb title=&quot;@ET-DC@eyJkeW5hbWljIjp0cnVlLCJjb250ZW50IjoicG9zdF9hdXRob3IiLCJzZXR0aW5ncyI6eyJiZWZvcmUiOiJUZWtzdCAiLCJhZnRlciI6IiIsIm5hbWVfZm9ybWF0IjoiZGlzcGxheV9uYW1lIiwibGluayI6Im9uIiwibGlua19kZXN0aW5hdGlvbiI6ImF1dGhvcl9hcmNoaXZlIn19@&quot; image=&quot;http:\/\/vaxhoib.cluster100.hosting.ovh.net\/wp-content\/uploads\/2021\/06\/Aneta-Strona-1-scaled.jpg&quot; alt=&quot;Aneta Boritzka&quot; icon_placement=&quot;left&quot; image_icon_width=&quot;48px&quot; content_max_width=&quot;1100px&quot; _builder_version=&quot;4.16&quot; _dynamic_attributes=&quot;title,content&quot; header_font=&quot;Cardo|700|||||||&quot; body_font=&quot;||||||||&quot; body_line_height=&quot;1em&quot; custom_margin=&quot;9px||||false|false&quot; border_radii_image=&quot;on|5px|5px|5px|5px&quot; image_max_width=&quot;48px&quot; global_colors_info=&quot;{}&quot;]@ET-DC@eyJkeW5hbWljIjp0cnVlLCJjb250ZW50IjoicG9zdF9kYXRlIiwic2V0dGluZ3MiOnsiYmVmb3JlIjoiIiwiYWZ0ZXIiOiIiLCJkYXRlX2Zvcm1hdCI6ImRlZmF1bHQiLCJjdXN0b21fZGF0ZV9mb3JtYXQiOiIifX0=@[\/et_pb_blurb][\/et_pb_column][et_pb_column type=&quot;1_2&quot; specialty_columns=&quot;2&quot; _builder_version=&quot;4.16&quot; custom_padding=&quot;|||&quot; global_colors_info=&quot;{}&quot; custom_padding__hover=&quot;|||&quot;][\/et_pb_column][\/et_pb_section][et_pb_section fb_built=&quot;1&quot; _builder_version=&quot;4.16&quot; _module_preset=&quot;default&quot; custom_margin=&quot;-100px||0px||false|false&quot; global_colors_info=&quot;{}&quot; custom_padding__hover_enabled=&quot;on|desktop&quot;][et_pb_row use_custom_gutter=&quot;on&quot; make_equal=&quot;on&quot; module_id=&quot;nieszkodzic&quot; _builder_version=&quot;4.16&quot; _module_preset=&quot;default&quot; custom_margin=&quot;-20px||||false|false&quot; custom_margin_tablet=&quot;&quot; custom_margin_phone=&quot;&quot; custom_margin_last_edited=&quot;on|desktop&quot; global_colors_info=&quot;{}&quot;][et_pb_column type=&quot;4_4&quot; _builder_version=&quot;4.16&quot; _module_preset=&quot;default&quot; global_colors_info=&quot;{}&quot;][et_pb_text module_id=&quot;komfort&quot; _builder_version=&quot;4.16&quot; _module_preset=&quot;default&quot; text_font_size=&quot;18px&quot; header_font=&quot;Open Sans||||||||&quot; header_text_align=&quot;center&quot; header_font_size=&quot;35px&quot; header_2_font=&quot;Open Sans||||||||&quot; header_2_text_align=&quot;center&quot; header_2_font_size=&quot;28px&quot; custom_margin=&quot;20px||||false|false&quot; global_colors_info=&quot;{}&quot;]<\/p>\n<h1><span style=\"font-weight: 400;\">Bajki o przedszkolu<\/span><\/h1>\n<p><span style=\"font-weight: 400;\">Czy potrafisz przypomnie\u0107 sobie, co czu\u0142a\u015b kiedy aplikowa\u0142a\u015b do ostatniej pracy? Czy potrafisz przypomnie\u0107 sobie, co czu\u0142a\u015b kiedy rozpoczyna\u0142a\u015b pierwsz\u0105 prac\u0119? Czy potrafisz przypomnie\u0107 sobie swoje uczucia, gdy mia\u0142a\u015b p\u00f3j\u015b\u0107 pierwszy raz do szko\u0142y?\u00a0<\/span><\/p>\n<p><span style=\"font-weight: 400;\">Nie\u0142atwo jest nam si\u0119gn\u0105\u0107 tak daleko pami\u0119ci\u0105. Z pewno\u015bci\u0105 ka\u017cdy z nas odczuwa\u0142 strach. Mieli\u015bmy obawy przed nieznanym. Zastanawiali\u015bmy si\u0119: <\/span><\/p>\n<ul>\n<li><span style=\"font-weight: 400;\">Jak to wszystko b\u0119dzie wygl\u0105da\u0142o?<\/span><\/li>\n<li><span style=\"font-weight: 400;\">Co tam si\u0119 wydarzy?<\/span><\/li>\n<li><span style=\"font-weight: 400;\">Czy nowi ludzie w pracy nas zaakceptuj\u0105? <\/span><\/li>\n<li><span style=\"font-weight: 400;\">Czy my polubimy tych ludzi? <\/span><\/li>\n<li><span style=\"font-weight: 400;\">Czy spodoba nam si\u0119 nowe miejsce?\u00a0<\/span><\/li>\n<\/ul>\n<p><span style=\"font-weight: 400;\">I pewnie by\u0142o jeszcze wiele innych pyta\u0144. <strong>Za\u0142o\u017c\u0119 si\u0119, \u017ce niewiele pami\u0119tasz z czas\u00f3w, gdy ucz\u0119szcza\u0142a\u015b do przedszkola<\/strong>. Z pewno\u015bci\u0105 masz jakie\u015b przeb\u0142yski wspomnie\u0144. By\u0107 mo\u017ce zapami\u0119ta\u0142o ci si\u0119 tylko jakie\u015b wydarzenie, kt\u00f3re by\u0142o dla ciebie wa\u017cne.\u00a0\u00a0<\/span><\/p>\n<p><span style=\"font-weight: 400;\">Natomiast zapewniam ci\u0119, \u017ce mia\u0142a\u015b podobne uczucia, co teraz czuje twoje dziecko. Z jednej strony jest to ciekawo\u015b\u0107 nowym miejscem, z drugiej strony strach przed tym, co go tam spotka. Czego mo\u017ce si\u0119 tam spodziewa\u0107 w nowym miejscu.<\/span><\/p>\n<p><span style=\"font-weight: 400;\">By u\u0142atwi\u0107 dziecku przygod\u0119 z przedszkolem, mo\u017cemy przeczyta\u0107 naszemu maluszkowi <a href=\"https:\/\/gohere.pl\/p\/pmj0\/YD9A\/SRgX?dl=gSBPXGDU\" target=\"_blank\" rel=\"noopener\">ksi\u0105\u017ck\u0119 o przedszkolu. <\/a><\/span><\/p>\n<p><span style=\"font-weight: 400;\">Poprzez to, dziecko b\u0119dzie mog\u0142o wyobrazi\u0107 sobie, co go tam mo\u017ce spotka\u0107, jak wygl\u0105da typowy dzie\u0144 przedszkolaka. <strong>Uzyska r\u00f3wnie\u017c odpowied\u017a na pytania: Co si\u0119 stanie je\u015bli zat\u0119skni za rodzicami?<\/strong> I co je\u015bli mama si\u0119 sp\u00f3\u017ani?\u00a0<\/span><\/p>\n<h2><span style=\"font-weight: 400;\">Bajki o przedszkolu &#8211; Pora do przedszkola\u00a0<\/span><\/h2>\n<p><span style=\"font-weight: 400;\"><a href=\"https:\/\/gohere.pl\/p\/pmj0\/YD9A\/SRgX?dl=gSBPXGDU\" target=\"_blank\" rel=\"noopener\">\u201cPora do przedszkola\u201d <\/a>bajka napisana przez Ann\u0119 S\u00f3jk\u0119.\u00a0<\/span><\/p>\n<p><span style=\"font-weight: 400;\">\u201cZbi\u00f3r opowiada\u0144, kt\u00f3re pomog\u0105 dzieciom przekroczy\u0107 pr\u00f3g przedszkola i doskonale bawi\u0107 si\u0119 w grupie r\u00f3wie\u015bnik\u00f3w.<\/span><\/p>\n<p><span style=\"font-weight: 400;\">Ksi\u0105\u017cka ma charakter terapeutyczny. W dyskretny spos\u00f3b uspokaja obawy maluch\u00f3w i ich rodzic\u00f3w zwi\u0105zane z wyj\u015bciem dziecka z domu w &#8220;wielki \u015bwiat&#8221;. Pokazuje te\u017c, jak radzi\u0107 sobie z przedszkolnymi przygodami. Udowadnia, \u017ce przedszkole to miejsce pe\u0142ne niespodzianek i nowych przyja\u017ani. Miejsce, w kt\u00f3rym mo\u017cna si\u0119 nauczy\u0107 wielu ciekawych i wa\u017cnych rzeczy.\u201d\u00a0<\/span><\/p>\n<p><strong>W ksi\u0105\u017cce mo\u017cesz przeczyta\u0107 mi\u0119dzy innymi takie opowiadania:\u00a0<\/strong><\/p>\n<ul>\n<li style=\"font-weight: 400;\" aria-level=\"1\"><span style=\"font-weight: 400;\">O tym dlaczego warto chodzi\u0107 do przedszkola,<\/span><\/li>\n<li style=\"font-weight: 400;\" aria-level=\"1\"><span style=\"font-weight: 400;\">O tym, \u017ceby nie p\u0142aka\u0107 z byle powodu,\u00a0<\/span><\/li>\n<li style=\"font-weight: 400;\" aria-level=\"1\"><span style=\"font-weight: 400;\">O tym, \u017ce nie warto si\u0119 upiera\u0107,\u00a0<\/span><\/li>\n<li style=\"font-weight: 400;\" aria-level=\"1\"><span style=\"font-weight: 400;\">O tym, \u017ce mo\u017cna przesta\u0107 si\u0119 sp\u00f3\u017ania\u0107 &#8211; bardzo spodoba\u0142 mi si\u0119 ten rozdzia\u0142 bajki &#8211; podst\u0119pna i skuteczna taktyka.\u00a0<\/span><\/li>\n<\/ul>\n<p>[\/et_pb_text][et_pb_image src=&quot;http:\/\/vaxhoib.cluster100.hosting.ovh.net\/wp-content\/uploads\/2021\/10\/unnamed-4-scaled.jpg&quot; alt=&quot;Bajki o przedszkolu &#8211; Pora do przedszkola &quot; title_text=&quot;Bajki o przedszkolu &#8211; Pora do przedszkola &quot; _builder_version=&quot;4.16&quot; _module_preset=&quot;default&quot; global_colors_info=&quot;{}&quot;][\/et_pb_image][et_pb_image src=&quot;http:\/\/vaxhoib.cluster100.hosting.ovh.net\/wp-content\/uploads\/2021\/10\/unnamed-5-scaled.jpg&quot; alt=&quot;Pora do przedszkola&quot; title_text=&quot;Pora do przedszkola&quot; _builder_version=&quot;4.16&quot; _module_preset=&quot;default&quot; global_colors_info=&quot;{}&quot;][\/et_pb_image][\/et_pb_column][\/et_pb_row][et_pb_row use_custom_gutter=&quot;on&quot; make_equal=&quot;on&quot; module_id=&quot;nieszkodzic&quot; _builder_version=&quot;4.16&quot; _module_preset=&quot;default&quot; custom_margin=&quot;-20px||||false|false&quot; custom_margin_tablet=&quot;&quot; custom_margin_phone=&quot;&quot; custom_margin_last_edited=&quot;on|desktop&quot; global_colors_info=&quot;{}&quot;][et_pb_column type=&quot;4_4&quot; _builder_version=&quot;4.16&quot; _module_preset=&quot;default&quot; global_colors_info=&quot;{}&quot;][et_pb_text module_id=&quot;komfort&quot; _builder_version=&quot;4.16&quot; _module_preset=&quot;default&quot; text_font_size=&quot;18px&quot; header_font=&quot;Open Sans||||||||&quot; header_font_size=&quot;35px&quot; header_2_font=&quot;Open Sans||||||||&quot; header_2_font_size=&quot;30px&quot; global_colors_info=&quot;{}&quot;]<\/p>\n<h2 style=\"text-align: center;\"><span style=\"font-weight: 400;\">Bajka &#8211; Witaj Przedszkole\u00a0<\/span><\/h2>\n<p><span style=\"font-weight: 400;\">T\u0119 <a href=\"https:\/\/gohere.pl\/p\/pmj0\/YD9A\/SRgX?dl=br8mTTXJ\" target=\"_blank\" rel=\"noopener\">bajk\u0119<\/a> polecam na pocz\u0105tek. Bajka krok po kroku opisuje, co \u201csiedzi w g\u0142owie\u201d ka\u017cdego dziecka, kt\u00f3ry ma rozpocz\u0105\u0107 swoj\u0105 wielk\u0105 przygod\u0119 w przedszkolu. Sympatyczny zbi\u00f3r historii dla naszego malucha. Jakie tematy s\u0105 poruszane w ksi\u0105\u017cce?\u00a0<\/span><\/p>\n<ul>\n<li style=\"font-weight: 400;\" aria-level=\"1\"><span style=\"font-weight: 400;\">Poznawanie przedszkola ( jak wygl\u0105da przedszkole, jakie ma pomieszczenia, itp.)<\/span><\/li>\n<\/ul>\n<p><span style=\"font-weight: 400;\">\u201cBudynek przedszkola otacza\u0142 drewniany p\u0142ot. Z placu zabaw dobiega\u0142y radosne odg\u0142osy dzieci. By\u0142y tam hu\u015btawki, ma\u0142a karuzela i piaskownica. W kilku miejscach sta\u0142y drewniane domki, wewn\u0105trz kt\u00f3rych mo\u017cna by\u0142o si\u0119 schowa\u0107.\u201d &#8211; t<\/span><span style=\"font-weight: 400;\">ekstom towarzysz\u0105 urocze ilustracje, dzi\u0119ki kt\u00f3rym przysz\u0142y przedszkolak b\u0119dzie m\u00f3g\u0142 wyobrazi\u0107 sobie siebie w przedszkolu.<\/span><\/p>\n<p><strong>Co jeszcze przeczytasz?<\/strong><\/p>\n<ul>\n<li style=\"font-weight: 400;\" aria-level=\"1\"><span style=\"font-weight: 400;\">pierwszy poranek w przedszkolu,<\/span><\/li>\n<li style=\"font-weight: 400;\" aria-level=\"1\"><span style=\"font-weight: 400;\">przedpo\u0142udniowe zabawy,<\/span><\/li>\n<li style=\"font-weight: 400;\" aria-level=\"1\"><span style=\"font-weight: 400;\">obiad i pora odpoczynku,\u00a0<\/span><\/li>\n<li style=\"font-weight: 400;\" aria-level=\"1\"><span style=\"font-weight: 400;\">czas na spacer,<\/span><\/li>\n<li style=\"font-weight: 400;\" aria-level=\"1\"><span style=\"font-weight: 400;\">czas do domu,\u00a0<\/span><\/li>\n<li style=\"font-weight: 400;\" aria-level=\"1\"><span style=\"font-weight: 400;\">urodziny.\u00a0<\/span><\/li>\n<\/ul>\n<p><span style=\"font-weight: 400;\">Bajka pokazuje, \u017ce ka\u017cde przedszkole jest bardzo przewidywalne i ma sw\u00f3j sta\u0142y rytm (a jak wiemy powtarzalno\u015b\u0107 i sta\u0142e rytua\u0142y zapewniaj\u0105 naszemu dziecku poczucie bezpiecze\u0144stwa).\u00a0<\/span><\/p>\n<p><span style=\"font-weight: 400;\">\u201eRytua\u0142. To on, wraz z rytmami, nadaje struktur\u0119 dzieci\u0144stwu. Rytmy i rytua\u0142y uspokajaj\u0105, daj\u0105 poczucie bezpiecze\u0144stwa, stabilizuj\u0105 i gwarantuj\u0105 oparcie, od kt\u00f3rego mo\u017cna si\u0119 odbi\u0107, by wyruszy\u0107 na poszukiwanie Przygody, codziennie fascynuj\u0105ce odkrywanie nowych horyzont\u00f3w. Skr\u00f3ty i zmiany s\u0105 elementami niepokoj\u0105cymi, niepo\u017c\u0105danymi, a czasami wr\u0119cz przera\u017caj\u0105cymi\u201d. &#8211; <a href=\"https:\/\/wydawnictwoelement.pl\/product\/rytmy-i-rytualy-dzieci\/\" target=\"_blank\" rel=\"noopener\">Andre Stern &#8211; Rytmy i Rytua\u0142y dzieci<\/a><\/span><\/p>\n<p><span style=\"font-weight: 400;\">\u201eKrzysia obudzi\u0142a weso\u0142a muzyka. MOTYLKI powoli wstawa\u0142y z le\u017caczk\u00f3w. Pani Ma\u0142gosia pomaga\u0142a niekt\u00f3rym dzieciom za\u0142o\u017cy\u0107 kapcie, a pani Kasia poprawia\u0142a dziewczynkom fryzury. W sali zrobi\u0142o si\u0119 jasno, bo panie podnios\u0142y rolety w oknach. Krzy\u017c czuj\u0119 si\u0119 wypocz\u0119ty. Przypomnia\u0142 te\u017c sobie s\u0142owa mamy, kt\u00f3ra obieca\u0142a, \u017ce przyjdzie zaraz po podwieczorku, a przecie\u017c pani powiedzia\u0142a, \u017ce to ju\u017c za chwil\u0119!\u201d &#8211; Witaj Przedszkole<\/span><\/p>\n<h2 style=\"text-align: center;\"><span style=\"font-weight: 400;\">Felu\u015b i Gucio id\u0105 do przedszkola\u00a0<\/span><span style=\"font-weight: 400;\"><\/span><\/h2>\n<p><span style=\"font-weight: 400;\">Wspomnia\u0142am ju\u017c o tej ksi\u0105\u017cce w artykule: <\/span><a href=\"http:\/\/vaxhoib.cluster100.hosting.ovh.net\/dziecko-nie-chce-isc-do-przedszkola\/\" target=\"_blank\" rel=\"noopener\"><span style=\"font-weight: 400;\">Dziecko nie chce i\u015b\u0107 do przedszkola? Jak si\u0119 zachowa\u0107?<\/span><\/a><\/p>\n<p><span style=\"font-weight: 400;\"><a href=\"https:\/\/gohere.pl\/p\/pmj0\/YD9A\/SRgX?dl=lhltyec6\" target=\"_blank\" rel=\"noopener\">Bajka<\/a> sprawdza si\u0119 dla dzieci rozpoczynaj\u0105cych przygod\u0119 z przedszkolem jak i dla dzieci, kt\u00f3re nie chc\u0105 chodzi\u0107 do przedszkola. Z tej serii polecam r\u00f3wnie\u017c <a href=\"https:\/\/gohere.pl\/p\/pmj0\/YD9A\/SRgX?dl=y6MUnDO1\" target=\"_blank\" rel=\"noopener\">Felu\u015b i Gucio poznaj\u0105 emocje.<\/a>\u00a0<\/span><span style=\"font-weight: 400;\"><\/span><\/p>\n<p><span style=\"font-weight: 400;\">\u201eFelu\u015b jest przedszkolakiem i ka\u017cdego dnia do\u015bwiadcza r\u00f3\u017cnych emocji. Wizyta u lekarza oka\u017ce si\u0119 pr\u00f3b\u0105 odwagi. Przygotowanie \u015bniadania dla rodzic\u00f3w b\u0119dzie powodem do dumy. A kiedy kolega przebiegnie po \u015bwie\u017co zbudowany m zamku z piasku, Felusia ogarnie z\u0142o\u015b\u0107. Czy te do\u015bwiadczenia wydaj\u0105 si\u0119 wam znajome?\u00a0<\/span><span style=\"font-weight: 400;\"><\/span><\/p>\n<p><span style=\"font-weight: 400;\">Jak zawsze <a href=\"https:\/\/gohere.pl\/p\/pmj0\/YD9A\/SRgX?dl=nZbktkhT\" target=\"_blank\" rel=\"noopener\">Felusiowi<\/a> towarzyszy ukochany mi\u015b Gucia, kt\u00f3ry t\u0142umaczy zawi\u0142y j\u0119zyk emocji na bliskie i zrozumia\u0142e ka\u017cdemu maluchowi do\u015bwiadczenia zmys\u0142\u00f3w &#8211; dla Gucia rado\u015b\u0107 ma s\u0142odki smak, spok\u00f3j przypomina d\u017awi\u0119k harfy, a t\u0119sknota jest tak deszczowy dzie\u0144.\u00a0<\/span><span style=\"font-weight: 400;\"><\/span><\/p>\n<p><span style=\"font-weight: 400;\">Podczas lektury ksi\u0105\u017cki Ma\u0142y czytelnik znajdzie si\u0119 wielu dobrze znanych sobie sytuacjach. Razem z Felusiem i Guciem nauczy si\u0119 rozpoznawa\u0107, nazywa\u0107 i akceptowa\u0107 swoje emocje. B\u0119dzie te\u017c wiedzia\u0142, sk\u0105d si\u0119 bior\u0105, w jaki spos\u00f3b mo\u017ce je wyra\u017ca\u0107 jak sobie z nimi radzi\u0107.\u201d\u00a0<\/span><span style=\"font-weight: 400;\"><\/span><\/p>\n<p>Do przeczytania:<\/p>\n<ul>\n<li><a href=\"http:\/\/vaxhoib.cluster100.hosting.ovh.net\/dziecko-nie-chce-isc-do-przedszkola\/\">Dziecko nie chce i\u015b\u0107 do przedszkola<\/a><\/li>\n<li><a href=\"http:\/\/vaxhoib.cluster100.hosting.ovh.net\/zaswiadczenie-o-alergii-do-przedszkola\/\" target=\"_blank\" rel=\"noopener\">Za\u015bwiadczenie o alergii do przedszkola<\/a><\/li>\n<\/ul>\n<p>[\/et_pb_text][et_pb_image src=&quot;http:\/\/vaxhoib.cluster100.hosting.ovh.net\/wp-content\/uploads\/2021\/10\/unnamed-3-scaled.jpg&quot; alt=&quot;Witaj Przedszkole &#8211; bajki o przedszkolu&quot; title_text=&quot;Witaj Przedszkole &#8211; bajki o przedszkolu&quot; _builder_version=&quot;4.16&quot; _module_preset=&quot;default&quot; global_colors_info=&quot;{}&quot;][\/et_pb_image][\/et_pb_column][\/et_pb_row][\/et_pb_section][et_pb_section fb_built=&quot;1&quot; module_id=&quot;grupa&quot; _builder_version=&quot;4.16&quot; _module_preset=&quot;default&quot; custom_margin=&quot;-28px||||false|false&quot; global_colors_info=&quot;{}&quot;][et_pb_row module_id=&quot;nadzieja&quot; _builder_version=&quot;4.16&quot; _module_preset=&quot;default&quot; custom_margin=&quot;-20px||-20px||false|false&quot; global_colors_info=&quot;{}&quot;][et_pb_column type=&quot;4_4&quot; _builder_version=&quot;4.16&quot; _module_preset=&quot;default&quot; global_colors_info=&quot;{}&quot;][et_pb_text _builder_version=&quot;4.16&quot; _module_preset=&quot;default&quot; text_font=&quot;Open Sans||||||||&quot; text_font_size=&quot;20px&quot; global_colors_info=&quot;{}&quot;]<\/p>\n<p><span style=\"color: #ff6600;\"><strong><em>B\u0119dzie mi mi\u0142o, je\u015bli udost\u0119pnisz ten artyku\u0142 dalej! Dzi\u0119kuje!<\/em><\/strong><\/span><\/p>\n<p><strong><em><\/em><\/strong><\/p>\n<p><strong><em><\/em><\/strong><\/p>\n<p>[\/et_pb_text][\/et_pb_column][\/et_pb_row][\/et_pb_section][et_pb_section fb_built=&#8221;1&#8243; admin_label=&#8221;Related Articles&#8221; _builder_version=&#8221;4.16&#8243; custom_margin=&#8221;-100px||||false|false&#8221; global_colors_info=&#8221;{}&#8221;][et_pb_row _builder_version=&#8221;4.16&#8243; global_colors_info=&#8221;{}&#8221;][et_pb_column type=&#8221;4_4&#8243; _builder_version=&#8221;4.16&#8243; global_colors_info=&#8221;{}&#8221;][et_pb_text _builder_version=&#8221;4.16&#8243; header_2_font=&#8221;Montserrat|700|||||||&#8221; header_2_font_size=&#8221;70px&#8221; header_2_line_height=&#8221;1.2em&#8221; max_width=&#8221;750px&#8221; header_2_font_size_tablet=&#8221;48px&#8221; header_2_font_size_phone=&#8221;36px&#8221; header_2_font_size_last_edited=&#8221;on|desktop&#8221; locked=&#8221;off&#8221; global_colors_info=&#8221;{}&#8221;]<\/p>\n<h2>Related Articles<\/h2>\n<p>[\/et_pb_text][et_pb_text _builder_version=&#8221;4.16&#8243; text_font=&#8221;Poppins|700|||||||&#8221; text_text_color=&#8221;rgba(0,0,0,0.06)&#8221; text_font_size=&#8221;107px&#8221; text_line_height=&#8221;1.2em&#8221; custom_margin=&#8221;-120px|||-120px|false|false&#8221; custom_margin_tablet=&#8221;-90px|||-60px|false|false&#8221; custom_margin_phone=&#8221;-70px|||-40px|false|false&#8221; custom_margin_last_edited=&#8221;on|desktop&#8221; text_font_size_tablet=&#8221;80px&#8221; text_font_size_phone=&#8221;60px&#8221; text_font_size_last_edited=&#8221;on|phone&#8221; locked=&#8221;off&#8221; global_colors_info=&#8221;{}&#8221;]<\/p>\n<p><span style=\"color: rgba(0, 0, 0, 0.06);\">Related<\/span><\/p>\n<p>[\/et_pb_text][et_pb_blog fullwidth=&#8221;off&#8221; posts_number=&#8221;3&#8243; include_categories=&#8221;current&#8221; show_thumbnail=&#8221;off&#8221; show_more=&#8221;on&#8221; show_excerpt=&#8221;off&#8221; show_pagination=&#8221;off&#8221; _builder_version=&#8221;4.16&#8243; header_level=&#8221;h4&#8243; header_font=&#8221;Open Sans|700|||||||&#8221; header_font_size=&#8221;22px&#8221; header_line_height=&#8221;1.4em&#8221; meta_font=&#8221;Open Sans||||||||&#8221; meta_font_size=&#8221;12px&#8221; meta_line_height=&#8221;1.8em&#8221; read_more_font=&#8221;|600||on|||||&#8221; read_more_text_color=&#8221;#fa6900&#8243; read_more_font_size=&#8221;12px&#8221; read_more_letter_spacing=&#8221;4px&#8221; read_more_line_height=&#8221;1.8em&#8221; text_orientation=&#8221;center&#8221; border_color_all=&#8221;#e6e6e6&#8243; global_colors_info=&#8221;{}&#8221;][\/et_pb_blog][\/et_pb_column][\/et_pb_row][\/et_pb_section]<\/p>\n","protected":false},"excerpt":{"rendered":"<p>Chcesz u\u0142atwi\u0107 dziecku przygod\u0119 z przedszkolem? Poczytaj maluszkowi bajki o przedszkolu. Poprzez to, dziecko b\u0119dzie mog\u0142o wyobrazi\u0107 sobie, czego mo\u017ce si\u0119 spodziewa\u0107 w nowym miejscu. <\/p>\n","protected":false},"author":3,"featured_media":13487,"comment_status":"open","ping_status":"open","sticky":false,"template":"","format":"standard","meta":{"_et_pb_use_builder":"on","_et_pb_old_content":"","_et_gb_content_width":"","footnotes":""},"categories":[2,3],"tags":[55,56,57,58,236,239,273,728,795,1075],"class_list":["post-13471","post","type-post","status-publish","format-standard","has-post-thumbnail","hentry","category-blog-odrudej","category-mama-i-dziecko","tag-bajki","tag-bajki-dla-dzieci","tag-bajki-o-przedszkolu","tag-bajki-o-przedszkolu-dla-dzieci","tag-dzieci","tag-dziecko","tag-felus-i-gucio","tag-pora-do-przedszkola","tag-przedszkole","tag-witaj-przedszkole"],"_links":{"self":[{"href":"http:\/\/vaxhoib.cluster100.hosting.ovh.net\/index.php\/wp-json\/wp\/v2\/posts\/13471","targetHints":{"allow":["GET"]}}],"collection":[{"href":"http:\/\/vaxhoib.cluster100.hosting.ovh.net\/index.php\/wp-json\/wp\/v2\/posts"}],"about":[{"href":"http:\/\/vaxhoib.cluster100.hosting.ovh.net\/index.php\/wp-json\/wp\/v2\/types\/post"}],"author":[{"embeddable":true,"href":"http:\/\/vaxhoib.cluster100.hosting.ovh.net\/index.php\/wp-json\/wp\/v2\/users\/3"}],"replies":[{"embeddable":true,"href":"http:\/\/vaxhoib.cluster100.hosting.ovh.net\/index.php\/wp-json\/wp\/v2\/comments?post=13471"}],"version-history":[{"count":0,"href":"http:\/\/vaxhoib.cluster100.hosting.ovh.net\/index.php\/wp-json\/wp\/v2\/posts\/13471\/revisions"}],"wp:featuredmedia":[{"embeddable":true,"href":"http:\/\/vaxhoib.cluster100.hosting.ovh.net\/index.php\/wp-json\/"}],"wp:attachment":[{"href":"http:\/\/vaxhoib.cluster100.hosting.ovh.net\/index.php\/wp-json\/wp\/v2\/media?parent=13471"}],"wp:term":[{"taxonomy":"category","embeddable":true,"href":"http:\/\/vaxhoib.cluster100.hosting.ovh.net\/index.php\/wp-json\/wp\/v2\/categories?post=13471"},{"taxonomy":"post_tag","embeddable":true,"href":"http:\/\/vaxhoib.cluster100.hosting.ovh.net\/index.php\/wp-json\/wp\/v2\/tags?post=13471"}],"curies":[{"name":"wp","href":"https:\/\/api.w.org\/{rel}","templated":true}]}}