{"id":14065,"date":"2022-01-11T10:00:00","date_gmt":"2022-01-11T08:00:00","guid":{"rendered":"https:\/\/odrudej.pl\/?p=14065"},"modified":"2022-01-11T10:00:00","modified_gmt":"2022-01-11T08:00:00","slug":"ferie-zimowe","status":"publish","type":"post","link":"http:\/\/vaxhoib.cluster100.hosting.ovh.net\/index.php\/2022\/01\/11\/ferie-zimowe\/","title":{"rendered":"Ferie zimowe &#8211; G\u00f3ry czy morze?"},"content":{"rendered":"<p>[et_pb_section fb_built=&quot;1&quot; specialty=&quot;on&quot; padding_top_bottom_link_1=&quot;false&quot; padding_top_bottom_link_2=&quot;false&quot; padding_left_right_link_1=&quot;false&quot; padding_left_right_link_2=&quot;false&quot; padding_top_1=&quot;0px&quot; padding_top_2=&quot;0px&quot; _builder_version=&quot;4.6.5&quot; _module_preset=&quot;default&quot; global_colors_info=&quot;{}&quot;][et_pb_column type=&quot;1_2&quot; _builder_version=&quot;3.25&quot; custom_padding=&quot;|||&quot; global_colors_info=&quot;{}&quot; custom_padding__hover=&quot;|||&quot;][et_pb_post_title meta=&quot;off&quot; featured_image=&quot;off&quot; _builder_version=&quot;4.6.5&quot; _module_preset=&quot;default&quot; title_font=&quot;Open Sans|700|||||||&quot; title_font_size=&quot;41px&quot; title_font_size_tablet=&quot;38px&quot; title_font_size_phone=&quot;36px&quot; title_font_size_last_edited=&quot;on|tablet&quot; global_colors_info=&quot;{}&quot;][\/et_pb_post_title][et_pb_blurb title=&quot;@ET-DC@eyJkeW5hbWljIjp0cnVlLCJjb250ZW50IjoicG9zdF9hdXRob3IiLCJzZXR0aW5ncyI6eyJiZWZvcmUiOiJUZWtzdCAiLCJhZnRlciI6IiIsIm5hbWVfZm9ybWF0IjoiZGlzcGxheV9uYW1lIiwibGluayI6Im9uIiwibGlua19kZXN0aW5hdGlvbiI6ImF1dGhvcl9hcmNoaXZlIn19@&quot; image=&quot;http:\/\/vaxhoib.cluster100.hosting.ovh.net\/wp-content\/uploads\/2020\/05\/odrudej-ja.jpg&quot; alt=&quot;Aneta Boritzka&quot; icon_placement=&quot;left&quot; image_icon_width=&quot;48px&quot; content_max_width=&quot;1100px&quot; _builder_version=&quot;4.13.0&quot; _dynamic_attributes=&quot;title,content&quot; header_font=&quot;Cardo|700|||||||&quot; body_font=&quot;||||||||&quot; body_line_height=&quot;1em&quot; custom_margin=&quot;9px||||false|false&quot; border_radii_image=&quot;on|70px|70px|70px|70px&quot; image_max_width=&quot;48px&quot; global_colors_info=&quot;{}&quot;]@ET-DC@eyJkeW5hbWljIjp0cnVlLCJjb250ZW50IjoicG9zdF9kYXRlIiwic2V0dGluZ3MiOnsiYmVmb3JlIjoiIiwiYWZ0ZXIiOiIiLCJkYXRlX2Zvcm1hdCI6ImRlZmF1bHQiLCJjdXN0b21fZGF0ZV9mb3JtYXQiOiIifX0=@[\/et_pb_blurb][et_pb_button button_url=&quot;#etapy&quot; button_text=&quot;Gdzie wyjecha\u0107 na ferie zimowe?&quot; _builder_version=&quot;4.14.4&quot; _module_preset=&quot;default&quot; custom_button=&quot;on&quot; button_text_size=&quot;16px&quot; button_bg_color=&quot;rgba(0,0,0,0)&quot; button_border_color=&quot;rgba(0,0,0,0)&quot; button_font=&quot;Open Sans|700|||||||&quot; button_icon=&quot;=||divi||400&quot; button_icon_color=&quot;#fa6900&quot; button_icon_placement=&quot;left&quot; button_on_hover=&quot;off&quot; custom_margin=&quot;-10px||-10px|-10px|true|false&quot; global_colors_info=&quot;{}&quot;][\/et_pb_button][et_pb_button button_url=&quot;#klotnia&quot; button_text=&quot;G\u00f3ry czy morze?&quot; _builder_version=&quot;4.14.4&quot; _module_preset=&quot;default&quot; custom_button=&quot;on&quot; button_text_size=&quot;16px&quot; button_bg_color=&quot;rgba(0,0,0,0)&quot; button_border_color=&quot;rgba(0,0,0,0)&quot; button_font=&quot;Open Sans|700|||||||&quot; button_icon=&quot;=||divi||400&quot; button_icon_color=&quot;#fa6900&quot; button_icon_placement=&quot;left&quot; button_on_hover=&quot;off&quot; custom_margin=&quot;-10px||-10px|-10px|true|false&quot; global_colors_info=&quot;{}&quot;][\/et_pb_button][et_pb_button button_url=&quot;#praca&quot; button_text=&quot;Rodzinne ferie zimowe nad morzem&quot; _builder_version=&quot;4.14.4&quot; _module_preset=&quot;default&quot; custom_button=&quot;on&quot; button_text_size=&quot;16px&quot; button_bg_color=&quot;rgba(0,0,0,0)&quot; button_border_color=&quot;rgba(0,0,0,0)&quot; button_font=&quot;Open Sans|700|||||||&quot; button_icon=&quot;=||divi||400&quot; button_icon_color=&quot;#fa6900&quot; button_icon_placement=&quot;left&quot; button_on_hover=&quot;off&quot; custom_margin=&quot;-10px||-10px|-10px|true|false&quot; global_colors_info=&quot;{}&quot;][\/et_pb_button][\/et_pb_column][et_pb_column type=&quot;1_2&quot; specialty_columns=&quot;2&quot; _builder_version=&quot;3.25&quot; custom_padding=&quot;|||&quot; global_colors_info=&quot;{}&quot; custom_padding__hover=&quot;|||&quot;][\/et_pb_column][\/et_pb_section][et_pb_section fb_built=&quot;1&quot; _builder_version=&quot;4.6.5&quot; _module_preset=&quot;default&quot; custom_margin=&quot;-100px||0px||false|false&quot; global_colors_info=&quot;{}&quot; custom_padding__hover_enabled=&quot;on|desktop&quot;][et_pb_row use_custom_gutter=&quot;on&quot; make_equal=&quot;on&quot; module_id=&quot;etapy&quot; _builder_version=&quot;4.14.4&quot; _module_preset=&quot;default&quot; custom_margin=&quot;0px||||false|false&quot; custom_margin_tablet=&quot;&quot; custom_margin_phone=&quot;&quot; custom_margin_last_edited=&quot;on|desktop&quot; global_colors_info=&quot;{}&quot;][et_pb_column type=&quot;4_4&quot; _builder_version=&quot;4.6.5&quot; _module_preset=&quot;default&quot; global_colors_info=&quot;{}&quot;][et_pb_text module_id=&quot;komfort&quot; _builder_version=&quot;4.14.5&quot; _module_preset=&quot;default&quot; text_font_size=&quot;18px&quot; header_font=&quot;Open Sans||||||||&quot; header_text_align=&quot;center&quot; header_font_size=&quot;35px&quot; header_2_font=&quot;Open Sans||||||||&quot; header_2_font_size=&quot;28px&quot; global_colors_info=&quot;{}&quot;]<\/p>\n<h1><span style=\"font-weight: 400;\">Gdzie wyjecha\u0107 na rodzinne ferie zimowe? G\u00f3ry czy Morze?<\/span><\/h1>\n<p><span style=\"font-weight: 400;\">Mieszkamy na po\u0142udniu Polski, wi\u0119c zdecydowanie g\u00f3ry s\u0105 dla nas bli\u017cej oddalone jak morze. Trasa nie zaj\u0119\u0142aby nam d\u0142u\u017cej jak godzin\u0119. No dobra za\u0142\u00f3\u017cmy, \u017ce nie b\u0119dzie tak kolorowo i jakie\u015b korki pojawi\u0105 si\u0119 na drodze &#8211; 2 godziny. W takim czasie na pewno nad morze nie dojedziemy. Nie chcemy te\u017c m\u0119czy\u0107 trzylatka podr\u00f3\u017c\u0105. Zatem co wybra\u0107?<\/span><\/p>\n<p><span style=\"font-weight: 400;\">M\u0105\u017c obstawia\u0142 g\u00f3ry. Ja wybra\u0142am morze! Ostatecznie zdecydowali\u015bmy sp\u0119dzi\u0107 rodzinne ferie nad morzem i to wcale nie dlatego, \u017ce musia\u0142o by\u0107 \u201epo mojemu\u201d. A d\u0142u\u017csza podr\u00f3\u017c wcale nie musi by\u0107 dla trzylatka m\u0119czarni\u0105 &#8211; przecie\u017c to przygoda! Wystarczy w taki w\u0142a\u015bnie spos\u00f3b nastawi\u0107 na to dziecko, \u017ce: to b\u0119dzie przygoda \u017cycia!<\/span><\/p>\n<p><span style=\"font-weight: 400;\">Dlaczego taki wyb\u00f3r?<\/span><\/p>\n<h2><span style=\"font-weight: 400;\">Dlaczego zdecydowali\u015bmy si\u0119 na wyjazd nad morze?\u00a0<\/span><\/h2>\n<p><span style=\"font-weight: 400;\">Jednym z najgorszych moment\u00f3w okresu macierzy\u0144stwa niezale\u017cnie od wieku dziecka jest choroba naszej pociechy. W moim przypadku jak ju\u017c wiesz to by\u0142a infekcja za infekcj\u0105 naprzemiennie z alergi\u0105. <\/span><\/p>\n<p><span style=\"font-weight: 400;\">A co robi rodzic kiedy jest infekcja? Zaopatruje si\u0119 w r\u00f3\u017cne suplementy, by wzmocni\u0107 odporno\u015b\u0107 dziecka. Zdecydowanie lepszym wyborem jak sztuczna suplementacja jest <a href=\"http:\/\/vaxhoib.cluster100.hosting.ovh.net\/czy-wychodzic-z-dzieckiem-gdy-jest-mroz\/\" target=\"_blank\" rel=\"noopener\"><strong>naturalne wzmacnianie odporno\u015bci dziecka<\/strong><\/a>. Poza tym za wszystkie te suplementy bez recepty albo na recept\u0119 p\u0142acimy i to niema\u0142e pieni\u0105dze! Wcale nie musi tak by\u0107. Jest inne rozwi\u0105zanie.\u00a0<\/span><\/p>\n<p>[\/et_pb_text][et_pb_image src=&quot;http:\/\/vaxhoib.cluster100.hosting.ovh.net\/wp-content\/uploads\/2022\/01\/Ferie-zimowe-nad-morzem.jpg&quot; alt=&quot;Ferie zimowe 2022&quot; title_text=&quot;Ferie zimowe nad morzem&quot; _builder_version=&quot;4.14.4&quot; _module_preset=&quot;default&quot; global_colors_info=&quot;{}&quot;][\/et_pb_image][\/et_pb_column][\/et_pb_row][et_pb_row use_custom_gutter=&quot;on&quot; make_equal=&quot;on&quot; module_id=&quot;klotnia&quot; _builder_version=&quot;4.14.5&quot; _module_preset=&quot;default&quot; custom_margin=&quot;0px||||false|false&quot; custom_margin_tablet=&quot;&quot; custom_margin_phone=&quot;&quot; custom_margin_last_edited=&quot;on|desktop&quot; global_colors_info=&quot;{}&quot;][et_pb_column type=&quot;4_4&quot; _builder_version=&quot;4.6.5&quot; _module_preset=&quot;default&quot; global_colors_info=&quot;{}&quot;][et_pb_text module_id=&quot;komfort&quot; _builder_version=&quot;4.14.4&quot; _module_preset=&quot;default&quot; text_font_size=&quot;18px&quot; header_font=&quot;Open Sans||||||||&quot; header_font_size=&quot;35px&quot; header_2_font=&quot;Open Sans||||||||&quot; header_2_font_size=&quot;28px&quot; header_3_text_align=&quot;center&quot; header_3_font_size=&quot;26px&quot; header_4_text_align=&quot;center&quot; header_4_font_size=&quot;26px&quot; global_colors_info=&quot;{}&quot;]<\/p>\n<h3><span style=\"font-weight: 400;\">Dlaczego ferie nad morzem? Znasz ju\u017c odpowied\u017a?<\/span><\/h3>\n<p><span style=\"font-weight: 400;\">Odpowied\u017a brzmi &#8211; <strong>Jod!\u00a0<\/strong><\/span><\/p>\n<p><span style=\"font-weight: 400;\">W\u0142a\u015bnie w <strong>okresie jesienno &#8211; zimowym jest najwy\u017csze st\u0119\u017cenie jodu nad morzem<\/strong>. Jod jest naturalnym lekiem na odporno\u015b\u0107. Ten chemiczny pierwiastek jest bardzo potrzebny organizmowi do prawid\u0142owego funkcjonowania. <strong>Jego brak u dzieci powoduje zaburzenia rozwoju i\u00a0 wzrostu, a nawet zaburzenia koncentracji.<\/strong> Odpowiada r\u00f3wnie\u017c za prawid\u0142ow\u0105 prac\u0119 tarczycy. <\/span><\/p>\n<p>Gdzie mo\u017cemy znale\u017a\u0107 jod? W rybach, soli\u00a0jodowanej, orzechach laskowych, ale zdecydowanie najwi\u0119cej jest go w nadmorskim powietrzu!<\/p>\n<h4>Jod nad morzem<\/h4>\n<p><span style=\"font-weight: 400;\">W okresie dzieci\u0144stwa bardzo du\u017co chorowa\u0142am &#8211; do pewnego czasu. Rodzice postanowili raz do roku wyje\u017cd\u017ca\u0107 nad nasze ba\u0142tyckie morze, by nawdycha\u0107 si\u0119 jodu!<\/span><\/p>\n<p><span style=\"font-weight: 400;\">Codziennie spacerowali\u015bmy brzegiem pla\u017cy niezale\u017cnie od pogody. <strong>Podobno im bardziej jest wietrznie i im wi\u0119kszy sztorm na morzu tym wi\u0119cej jodu<\/strong>. Tak zawsze mama mi t\u0142umaczy\u0142a. Wcale jej nie zale\u017ca\u0142o na s\u0142onecznej pogodzie, ale w\u0142a\u015bnie wietrznej.<\/span><\/p>\n<p><span style=\"font-weight: 400;\">\u201cWiatr niesie zdrowie. Nad polskim morzem najwi\u0119cej zalet ma\u2026 marna pogoda. Gdy wieje wiatr lub gdy jest sztorm, w powietrzu znajduje si\u0119 najwi\u0119cej cennych pierwiastk\u00f3w, w tym jodu. Im silniejszy wiatr, im wy\u017csze morskie ba\u0142wany, tym lepiej.\u201d O tym powinien pami\u0119ta\u0107 ka\u017cdy rodzic. Zatem nie ma co, narzeka\u0107 na nieprzyjemn\u0105 pogod\u0119 i pakowa\u0107 si\u0119 z powrotem do domu, wystarczy odpowiednio ubra\u0107 ca\u0142\u0105 rodzin\u0119 i du\u017co spacerowa\u0107.<\/span><\/p>\n<p><span>Powietrze nad morzem jest wzbogacone o mikroskopijne sk\u0142adniki\u00a0 wody morskiej: pierwiastki bromu, magnezu, wapnia, jodu.\u00a0<\/span><\/p>\n<p>Fale rozbryzguj\u0105c si\u0119 o brzeg unosz\u0105 w powietrze drobinki wody morskiej wraz ze wszystkimi minera\u0142ami tworz\u0105c tak zwany <strong>aerozol solankowy<\/strong>.<\/p>\n<p>Wdychany wykazuje bardzo silne w\u0142a\u015bciwo\u015bci zdrowotne \u2013 <strong>\u0142agodz\u0105 stany zapalne g\u00f3rnych dr\u00f3g oddechowych, zmniejszaj\u0105 reakcje obronn\u0105 organizmu na alergeny<\/strong>. Pod wp\u0142ywem aerozolu <strong>wzrasta pojemno\u015b\u0107 \u017cyciowa p\u0142uc<\/strong> co jest szczeg\u00f3lnie wa\u017cne dla ma\u0142ych dzieci. Dodatkowo osiadaj\u0105c na sk\u00f3rze \u0142agodzi stany zapalne nask\u00f3rka i odczyny alergiczne. Zasi\u0119g wyst\u0119powania aerozolu morskiego to zaledwie 300 metr\u00f3w od brzegu, jednak jego najsilniejsze dzia\u0142anie to maksymalnie 150 metr\u00f3w od morza.<\/p>\n<p><strong>Wzmocnienie odporno\u015bci mojego dziecka zadecydowa\u0142o za wyborem ferii nad morzem.\u00a0<\/strong><\/p>\n<p><span style=\"font-weight: 400;\">Dlatego czy by\u0142a m\u017cawka, czy wiatr &#8211; codziennie spacerowali\u015bmy z synem na pla\u017cy. Syn z pocz\u0105tku by\u0142 nieco rozczarowany, bo inaczej sobie wyobra\u017ca\u0142 wyjazd na pla\u017c\u0119, ale szybko polubi\u0142 sp\u0119dza\u0107 tam czas w mro\u017ane dni. Wystarczy\u0142a \u0142opatka, a nawet ga\u0142\u0105zka do wykopk\u00f3w &#8211; pogoda w \u017cadnym wypadku mu nie przeszkadza\u0142a w jego &#8220;pracach budowlanych&#8221; &#8211; wr\u0119cz by\u0142 zadwolony, \u017ce ma na sobie r\u0119kawiczki jak prawdziwy pracownik na budowie :). Pomimo ch\u0142odnej pogody, wcale nie \u015bpieszy\u0142o mu si\u0119 z powrotem do domu.\u00a0<\/span><\/p>\n<p>[\/et_pb_text][et_pb_image src=&quot;http:\/\/vaxhoib.cluster100.hosting.ovh.net\/wp-content\/uploads\/2022\/01\/Alex-morze.jpg&quot; alt=&quot;Ferie nad morzem&quot; title_text=&quot;Alex morze&quot; _builder_version=&quot;4.14.4&quot; _module_preset=&quot;default&quot; global_colors_info=&quot;{}&quot;][\/et_pb_image][\/et_pb_column][\/et_pb_row][et_pb_row use_custom_gutter=&quot;on&quot; make_equal=&quot;on&quot; module_id=&quot;praca&quot; _builder_version=&quot;4.14.5&quot; _module_preset=&quot;default&quot; custom_margin=&quot;0px||||false|false&quot; custom_margin_tablet=&quot;&quot; custom_margin_phone=&quot;&quot; custom_margin_last_edited=&quot;on|desktop&quot; global_colors_info=&quot;{}&quot;][et_pb_column type=&quot;4_4&quot; _builder_version=&quot;4.6.5&quot; _module_preset=&quot;default&quot; global_colors_info=&quot;{}&quot;][et_pb_text module_id=&quot;komfort&quot; _builder_version=&quot;4.14.5&quot; _module_preset=&quot;default&quot; text_font_size=&quot;18px&quot; header_font=&quot;Open Sans||||||||&quot; header_font_size=&quot;35px&quot; header_2_font=&quot;Open Sans||||||||&quot; header_2_text_align=&quot;center&quot; header_2_font_size=&quot;28px&quot; header_3_font_size=&quot;28px&quot; hover_enabled=&quot;0&quot; global_colors_info=&quot;{}&quot; sticky_enabled=&quot;0&quot;]<\/p>\n<h2><span style=\"font-weight: 400;\">Rodzinne ferie zimowe nad morzem<\/span><\/h2>\n<p><span style=\"font-weight: 400;\">Wzmocnienie odporno\u015bci to jedna z zalet przebywania w tym czasie nad morzem. <\/span><\/p>\n<p><span style=\"font-weight: 400;\"><strong>Jakie jeszcze s\u0105 zalety? &#8211; SLOW LIFE<\/strong><\/span><\/p>\n<p><span style=\"font-weight: 400;\">Je\u015bli cenisz sobie spok\u00f3j i cisz\u0119 tak jak ja i m\u00f3j m\u0105\u017c, zdecydowanie bardziej odpoczniesz nad morzem w okresie zimowym.. Dlaczego? Jak zapewne si\u0119 domy\u015blasz, to nie jest sezon w kt\u00f3rym wyje\u017cd\u017camy nad Ba\u0142tyk, st\u0105d nie ma tam w tym okresie zbyt wielu turyst\u00f3w. A je\u015bli wci\u0105\u017c obawiasz si\u0119, \u017ce tury\u015bci tam b\u0119d\u0105, polecam Ci zrobi\u0107 tak jak my zrobili\u015bmy. Zrezygnowali\u015bmy z wypoczynku w Tr\u00f3jmie\u015bcie (Gda\u0144sk, Gdynia, Sopot) s\u0105 to najbardziej popularne miasta, gdzie wyje\u017cd\u017caj\u0105 tury\u015bci. Ja podczas wypoczynku naprawd\u0119 ceni\u0119 sobie spok\u00f3j. Gdzie zatem zdecydowali\u015bmy si\u0119 zatrzyma\u0107? Wyb\u00f3r pad\u0142 na Ko\u0142obrzeg, a konkretnie zatrzymali\u015bmy si\u0119 w <\/span><a href=\"http:\/\/chilliapartamenty.pl\/\" target=\"_blank\" rel=\"noopener\"><span style=\"font-weight: 400;\">Chilli Apartamenty<\/span><\/a><span style=\"font-weight: 400;\">.\u00a0<\/span><span style=\"font-weight: 400;\"><\/span><\/p>\n<p><span style=\"font-weight: 400;\">Zadzwoni\u0142am p\u00f3\u017an\u0105 por\u0105, by zarezerwowa\u0107 jeden z apartament\u00f3w, wyt\u0142umaczy\u0142am na czym konkretnie mi zale\u017cy i w jakim terminie chcemy przyjecha\u0107. Przemi\u0142a pani w s\u0142uchawce odpowiedzia\u0142a, \u017ce z pewno\u015bci\u0105 co\u015b znajdziemy, ale jutro, poniewa\u017c nie ma przy sobie kalendarza. No tak, nie zauwa\u017cy\u0142am, \u017ce ich biuro jest otwarte w godzinach 8-16, a gdy dzwoni\u0142am by\u0142a 21:00! Nie wiem, czy ja odebra\u0142abym telefon s\u0142u\u017cbowy o tak p\u00f3\u017anej porze? M\u0105\u017c na pewno nie by\u0142by zadowolony, ceni sobie work life balance. Zreszt\u0105 ja tak samo. Szybko chcia\u0142am zako\u0144czy\u0107 zatem rozmow\u0119, by nie zabiera\u0107 cennego czasu wypoczynku tej przemi\u0142ej pani. Du\u017cym zaskoczeniem by\u0142o dla mnie, \u017ce na drugi dzie\u0144 oddzwoni\u0142a do mnie jeszcze przed otwarciem ich biura i pami\u0119ta\u0142a wszystkie detale ze szczeg\u00f3\u0142ami na kt\u00f3rych mi zale\u017ca\u0142o (ja musz\u0119 wszystko zapisywa\u0107 &#8211; tak\u0105 mam pami\u0119\u0107). <\/span><\/p>\n<p>[\/et_pb_text][et_pb_image src=&quot;http:\/\/vaxhoib.cluster100.hosting.ovh.net\/wp-content\/uploads\/2022\/01\/Chilli-apartamenty-1.jpg&quot; alt=&quot;Ferie zimowe Ko\u0142obrzeg&quot; title_text=&quot;Chilli apartamenty 1&quot; url=&quot;http:\/\/www.chilliapartamenty.pl&quot; _builder_version=&quot;4.14.5&quot; _module_preset=&quot;default&quot; global_colors_info=&quot;{}&quot;][\/et_pb_image][et_pb_text _builder_version=&quot;4.14.5&quot; _module_preset=&quot;default&quot; text_font_size=&quot;18px&quot; header_2_text_align=&quot;center&quot; header_2_font_size=&quot;29px&quot; global_colors_info=&quot;{}&quot;]<\/p>\n<h2><span style=\"font-weight: 400;\"><strong>Chilli Apartamenty &#8211; Dlaczego tam?<\/strong><\/span><span style=\"font-weight: 400;\"><strong><\/strong><\/span><\/h2>\n<p><span style=\"font-weight: 400;\"><strong>Dlaczego tam?<\/strong> To nie by\u0142o tak, \u017ce pierwszy lepszy apartament, zadzwonili\u015bmy i ok to jedziemy tam. Zrobili\u015bmy z m\u0119\u017cem odpowiednio wcze\u015bniej dok\u0142adny research. <strong>Chilli Apartamenty maj\u0105 bezkonkurencyjne ceny<\/strong>, jak ju\u017c wcze\u015bniej wspomnia\u0142am bardzo mi\u0142\u0105 obs\u0142ug\u0119, ale te\u017c szeroki wyb\u00f3r apartament\u00f3w w r\u00f3\u017cnych zak\u0105tkach Ko\u0142obrzegu. Chcesz by\u0107 bli\u017cej centrum nie ma problemu, chcesz by\u0107 bli\u017cej pla\u017cy r\u00f3wnie\u017c nie ma problemu! Trudno by\u0142o zdecydowa\u0107 si\u0119 na wyb\u00f3r apartamentu w Chilli Apartamenty, a to dlatego, \u017ce jest bardzo szeroki wyb\u00f3r mieszka\u0144, a ka\u017cdy z tych apartament\u00f3w jest inny i wyj\u0105tkowy. No tak &#8211; w\u0142a\u015bcicielem jest <strong>Artur Brychcy<\/strong> &#8211; projektant architektury modernistycznej, ale r\u00f3wnie\u017c dbaj\u0105ca o najmniejsze detale\u00a0<strong>Karolina Brychcy<\/strong> &#8211; kreatywna perfekcjonistka, dbaj\u0105ca o szczeg\u00f3\u0142y &#8211; i tak musz\u0119 przyzna\u0107, \u017ce nasze mieszkanie by\u0142o wyj\u0105tkowe. Zdj\u0119cia zamieszczone na stronie zupe\u0142nie odzwierciedlaj\u0105 to, co zobaczysz tam na \u017cywo.\u00a0<\/span><\/p>\n<p><span style=\"font-weight: 400;\">Same nazwy tych apartament\u00f3w s\u0105 magiczne (Lazuryt, Malachit, Lagom i wiele wiele innych). Najch\u0119tniej w ka\u017cdym z nich sp\u0119dzi\u0142abym cho\u0107 jedn\u0105 dob\u0119.\u00a0<\/span><\/p>\n<p><span style=\"font-weight: 400;\">Planujesz wyjazd do Ko\u0142obrzegu? <\/span><\/p>\n<p><span style=\"font-weight: 400;\">Zdecydowanie polecam m\u00f3j wyb\u00f3r Chilli Apartamenty &#8211; nie tra\u0107 czasu na research!<\/span><\/p>\n<p>[\/et_pb_text][et_pb_image src=&quot;http:\/\/vaxhoib.cluster100.hosting.ovh.net\/wp-content\/uploads\/2022\/01\/Chilli-apartamenty-2.jpg&quot; alt=&quot;Chilli Apartamenty &quot; title_text=&quot;Chilli apartamenty 2&quot; url=&quot;http:\/\/www.chilliapartamenty.pl&quot; _builder_version=&quot;4.14.5&quot; _module_preset=&quot;default&quot; global_colors_info=&quot;{}&quot;][\/et_pb_image][\/et_pb_column][\/et_pb_row][\/et_pb_section][et_pb_section fb_built=&quot;1&quot; module_id=&quot;grupa&quot; _builder_version=&quot;4.7.3&quot; _module_preset=&quot;default&quot; custom_margin=&quot;-28px||||false|false&quot; global_colors_info=&quot;{}&quot;][et_pb_row module_id=&quot;nadzieja&quot; _builder_version=&quot;4.6.5&quot; _module_preset=&quot;default&quot; custom_margin=&quot;-20px||-20px||false|false&quot; global_colors_info=&quot;{}&quot;][et_pb_column type=&quot;4_4&quot; _builder_version=&quot;4.6.5&quot; _module_preset=&quot;default&quot; global_colors_info=&quot;{}&quot;][et_pb_social_media_follow _builder_version=&quot;4.6.5&quot; _module_preset=&quot;default&quot; custom_margin=&quot;-11px||-11px||false|false&quot; global_colors_info=&quot;{}&quot;][et_pb_social_media_follow_network social_network=&quot;facebook&quot; _builder_version=&quot;4.6.5&quot; _module_preset=&quot;default&quot; background_color=&quot;#3b5998&quot; global_colors_info=&quot;{}&quot; follow_button=&quot;off&quot; url_new_window=&quot;on&quot;]facebook[\/et_pb_social_media_follow_network][et_pb_social_media_follow_network social_network=&quot;twitter&quot; _builder_version=&quot;4.6.5&quot; _module_preset=&quot;default&quot; background_color=&quot;#00aced&quot; global_colors_info=&quot;{}&quot; follow_button=&quot;off&quot; url_new_window=&quot;on&quot;]twitter[\/et_pb_social_media_follow_network][et_pb_social_media_follow_network social_network=&quot;instagram&quot; _builder_version=&quot;4.6.5&quot; _module_preset=&quot;default&quot; background_color=&quot;#ea2c59&quot; global_colors_info=&quot;{}&quot; follow_button=&quot;off&quot; url_new_window=&quot;on&quot;]instagram[\/et_pb_social_media_follow_network][et_pb_social_media_follow_network social_network=&quot;pinterest&quot; _builder_version=&quot;4.6.5&quot; _module_preset=&quot;default&quot; background_color=&quot;#cb2027&quot; global_colors_info=&quot;{}&quot; follow_button=&quot;off&quot; url_new_window=&quot;on&quot;]pinterest[\/et_pb_social_media_follow_network][et_pb_social_media_follow_network social_network=&quot;rss&quot; _builder_version=&quot;4.6.5&quot; _module_preset=&quot;default&quot; background_color=&quot;#ff8a3c&quot; global_colors_info=&quot;{}&quot; follow_button=&quot;off&quot; url_new_window=&quot;on&quot;]rss[\/et_pb_social_media_follow_network][\/et_pb_social_media_follow][\/et_pb_column][\/et_pb_row][\/et_pb_section][et_pb_section fb_built=&quot;1&quot; admin_label=&quot;Related Articles&quot; _builder_version=&quot;4.6.5&quot; custom_margin=&quot;-100px||||false|false&quot; global_colors_info=&quot;{}&quot;][et_pb_row _builder_version=&quot;4.6.5&quot; global_colors_info=&quot;{}&quot;][et_pb_column type=&quot;4_4&quot; _builder_version=&quot;3.26.6&quot; global_colors_info=&quot;{}&quot;][et_pb_text _builder_version=&quot;4.9.1&quot; header_2_font=&quot;Montserrat|700|||||||&quot; header_2_font_size=&quot;70px&quot; header_2_line_height=&quot;1.2em&quot; max_width=&quot;750px&quot; header_2_font_size_tablet=&quot;48px&quot; header_2_font_size_phone=&quot;36px&quot; header_2_font_size_last_edited=&quot;on|desktop&quot; locked=&quot;off&quot; global_colors_info=&quot;{}&quot;]<\/p>\n<h2>Warto przeczyta\u0107<\/h2>\n<p>[\/et_pb_text][et_pb_text _builder_version=&#8221;4.9.1&#8243; text_font=&#8221;Poppins|700|||||||&#8221; text_text_color=&#8221;rgba(0,0,0,0.06)&#8221; text_font_size=&#8221;107px&#8221; text_line_height=&#8221;1.2em&#8221; custom_margin=&#8221;-120px|||-120px|false|false&#8221; custom_margin_tablet=&#8221;-90px|||-60px|false|false&#8221; custom_margin_phone=&#8221;-70px|||-40px|false|false&#8221; custom_margin_last_edited=&#8221;on|desktop&#8221; text_font_size_tablet=&#8221;80px&#8221; text_font_size_phone=&#8221;60px&#8221; text_font_size_last_edited=&#8221;on|phone&#8221; locked=&#8221;off&#8221; global_colors_info=&#8221;{}&#8221;]<\/p>\n<p><span style=\"color: rgba(0, 0, 0, 0.06);\">Artyku\u0142y<\/span><\/p>\n<p>[\/et_pb_text][et_pb_blog fullwidth=&#8221;off&#8221; posts_number=&#8221;3&#8243; include_categories=&#8221;current&#8221; show_thumbnail=&#8221;off&#8221; show_more=&#8221;on&#8221; show_excerpt=&#8221;off&#8221; show_pagination=&#8221;off&#8221; _builder_version=&#8221;4.6.5&#8243; header_level=&#8221;h4&#8243; header_font=&#8221;Open Sans|700|||||||&#8221; header_font_size=&#8221;22px&#8221; header_line_height=&#8221;1.4em&#8221; meta_font=&#8221;Open Sans||||||||&#8221; meta_font_size=&#8221;12px&#8221; meta_line_height=&#8221;1.8em&#8221; read_more_font=&#8221;|600||on|||||&#8221; read_more_text_color=&#8221;#fa6900&#8243; read_more_font_size=&#8221;12px&#8221; read_more_letter_spacing=&#8221;4px&#8221; read_more_line_height=&#8221;1.8em&#8221; text_orientation=&#8221;center&#8221; border_color_all=&#8221;#e6e6e6&#8243; global_colors_info=&#8221;{}&#8221;][\/et_pb_blog][\/et_pb_column][\/et_pb_row][\/et_pb_section]<\/p>\n","protected":false},"excerpt":{"rendered":"<p>Nie wiesz gdzie wyjecha\u0107 na ferie zimowe z dzieckiem? Ja podj\u0119\u0142am decyzj\u0119 i w przysz\u0142ym roku na pewno to powt\u00f3rz\u0119! <\/p>\n","protected":false},"author":3,"featured_media":14074,"comment_status":"open","ping_status":"open","sticky":false,"template":"","format":"standard","meta":{"_et_pb_use_builder":"on","_et_pb_old_content":"","_et_gb_content_width":"","footnotes":""},"categories":[2,3],"tags":[24,43,96,112,113,274,275,276,277,278,289,369,370,371,425,645,646],"class_list":["post-14065","post","type-post","status-publish","format-standard","has-post-thumbnail","hentry","category-blog-odrudej","category-mama-i-dziecko","tag-aerozol-morski","tag-apartamenty-kolobrzeg","tag-brom","tag-chilli-apartamenty","tag-chilliapartamenty","tag-ferie-zimowe","tag-ferie-zimowe-2022","tag-ferie-zimowe-kolobrzeg","tag-ferie-zimowe-nad-morzem","tag-ferie-zimowe-z-dzieckiem","tag-gdzie-na-ferie-zimowe","tag-jod","tag-jod-nad-morzem","tag-jod-nad-polskim-morzem","tag-kolobrzeg","tag-odpornosc","tag-odpornosc-dziecka"],"_links":{"self":[{"href":"http:\/\/vaxhoib.cluster100.hosting.ovh.net\/index.php\/wp-json\/wp\/v2\/posts\/14065","targetHints":{"allow":["GET"]}}],"collection":[{"href":"http:\/\/vaxhoib.cluster100.hosting.ovh.net\/index.php\/wp-json\/wp\/v2\/posts"}],"about":[{"href":"http:\/\/vaxhoib.cluster100.hosting.ovh.net\/index.php\/wp-json\/wp\/v2\/types\/post"}],"author":[{"embeddable":true,"href":"http:\/\/vaxhoib.cluster100.hosting.ovh.net\/index.php\/wp-json\/wp\/v2\/users\/3"}],"replies":[{"embeddable":true,"href":"http:\/\/vaxhoib.cluster100.hosting.ovh.net\/index.php\/wp-json\/wp\/v2\/comments?post=14065"}],"version-history":[{"count":0,"href":"http:\/\/vaxhoib.cluster100.hosting.ovh.net\/index.php\/wp-json\/wp\/v2\/posts\/14065\/revisions"}],"wp:featuredmedia":[{"embeddable":true,"href":"http:\/\/vaxhoib.cluster100.hosting.ovh.net\/index.php\/wp-json\/"}],"wp:attachment":[{"href":"http:\/\/vaxhoib.cluster100.hosting.ovh.net\/index.php\/wp-json\/wp\/v2\/media?parent=14065"}],"wp:term":[{"taxonomy":"category","embeddable":true,"href":"http:\/\/vaxhoib.cluster100.hosting.ovh.net\/index.php\/wp-json\/wp\/v2\/categories?post=14065"},{"taxonomy":"post_tag","embeddable":true,"href":"http:\/\/vaxhoib.cluster100.hosting.ovh.net\/index.php\/wp-json\/wp\/v2\/tags?post=14065"}],"curies":[{"name":"wp","href":"https:\/\/api.w.org\/{rel}","templated":true}]}}