{"id":14263,"date":"2022-02-07T11:42:58","date_gmt":"2022-02-07T09:42:58","guid":{"rendered":"https:\/\/odrudej.pl\/?p=14263"},"modified":"2022-02-07T11:42:58","modified_gmt":"2022-02-07T09:42:58","slug":"przyslowia-polskie-wierszyki-dla-dzieci","status":"publish","type":"post","link":"http:\/\/vaxhoib.cluster100.hosting.ovh.net\/index.php\/2022\/02\/07\/przyslowia-polskie-wierszyki-dla-dzieci\/","title":{"rendered":"Przys\u0142owia Polskie &#8211; Wierszyki dla dzieci"},"content":{"rendered":"<p>[et_pb_section fb_built=&quot;1&quot; specialty=&quot;on&quot; padding_top_bottom_link_1=&quot;false&quot; padding_top_bottom_link_2=&quot;false&quot; padding_left_right_link_1=&quot;false&quot; padding_left_right_link_2=&quot;false&quot; padding_top_1=&quot;0px&quot; padding_top_2=&quot;0px&quot; _builder_version=&quot;4.6.5&quot; _module_preset=&quot;default&quot; global_colors_info=&quot;{}&quot;][et_pb_column type=&quot;1_2&quot; _builder_version=&quot;3.25&quot; custom_padding=&quot;|||&quot; global_colors_info=&quot;{}&quot; custom_padding__hover=&quot;|||&quot;][et_pb_post_title meta=&quot;off&quot; featured_image=&quot;off&quot; _builder_version=&quot;4.6.5&quot; _module_preset=&quot;default&quot; title_font=&quot;Open Sans|700|||||||&quot; title_font_size=&quot;41px&quot; title_font_size_tablet=&quot;38px&quot; title_font_size_phone=&quot;36px&quot; title_font_size_last_edited=&quot;on|tablet&quot; global_colors_info=&quot;{}&quot;][\/et_pb_post_title][et_pb_blurb title=&quot;@ET-DC@eyJkeW5hbWljIjp0cnVlLCJjb250ZW50IjoicG9zdF9hdXRob3IiLCJzZXR0aW5ncyI6eyJiZWZvcmUiOiJUZWtzdCAiLCJhZnRlciI6IiIsIm5hbWVfZm9ybWF0IjoiZGlzcGxheV9uYW1lIiwibGluayI6Im9uIiwibGlua19kZXN0aW5hdGlvbiI6ImF1dGhvcl9hcmNoaXZlIn19@&quot; image=&quot;http:\/\/vaxhoib.cluster100.hosting.ovh.net\/wp-content\/uploads\/2020\/05\/odrudej-ja.jpg&quot; alt=&quot;Aneta Boritzka&quot; icon_placement=&quot;left&quot; image_icon_width=&quot;48px&quot; content_max_width=&quot;1100px&quot; _builder_version=&quot;4.13.0&quot; _dynamic_attributes=&quot;title,content&quot; header_font=&quot;Cardo|700|||||||&quot; body_font=&quot;||||||||&quot; body_line_height=&quot;1em&quot; custom_margin=&quot;9px||||false|false&quot; border_radii_image=&quot;on|70px|70px|70px|70px&quot; image_max_width=&quot;48px&quot; global_colors_info=&quot;{}&quot;]@ET-DC@eyJkeW5hbWljIjp0cnVlLCJjb250ZW50IjoicG9zdF9kYXRlIiwic2V0dGluZ3MiOnsiYmVmb3JlIjoiIiwiYWZ0ZXIiOiIiLCJkYXRlX2Zvcm1hdCI6ImRlZmF1bHQiLCJjdXN0b21fZGF0ZV9mb3JtYXQiOiIifX0=@[\/et_pb_blurb][\/et_pb_column][et_pb_column type=&quot;1_2&quot; specialty_columns=&quot;2&quot; _builder_version=&quot;3.25&quot; custom_padding=&quot;|||&quot; global_colors_info=&quot;{}&quot; custom_padding__hover=&quot;|||&quot;][\/et_pb_column][\/et_pb_section][et_pb_section fb_built=&quot;1&quot; _builder_version=&quot;4.6.5&quot; _module_preset=&quot;default&quot; custom_margin=&quot;-100px||0px||false|false&quot; global_colors_info=&quot;{}&quot; custom_padding__hover_enabled=&quot;on|desktop&quot;][et_pb_row use_custom_gutter=&quot;on&quot; make_equal=&quot;on&quot; module_id=&quot;nieszkodzic&quot; _builder_version=&quot;4.6.5&quot; _module_preset=&quot;default&quot; custom_margin=&quot;-20px||||false|false&quot; custom_margin_tablet=&quot;&quot; custom_margin_phone=&quot;&quot; custom_margin_last_edited=&quot;on|desktop&quot; global_colors_info=&quot;{}&quot;][et_pb_column type=&quot;4_4&quot; _builder_version=&quot;4.6.5&quot; _module_preset=&quot;default&quot; global_colors_info=&quot;{}&quot;][et_pb_text module_id=&quot;komfort&quot; _builder_version=&quot;4.14.7&quot; _module_preset=&quot;default&quot; text_font_size=&quot;18px&quot; header_font=&quot;Open Sans||||||||&quot; header_text_align=&quot;center&quot; header_font_size=&quot;35px&quot; header_2_font=&quot;Open Sans||||||||&quot; header_2_font_size=&quot;28px&quot; hover_enabled=&quot;0&quot; global_colors_info=&quot;{}&quot; sticky_enabled=&quot;0&quot;]<\/p>\n<h1>Czym jest przys\u0142owie?<\/h1>\n<p>Przys\u0142owie &#8211; kr\u00f3tkie zdanie (pojedyncze lub z\u0142o\u017cone), zwykle o charakterze metaforycznym, pochodz\u0105ce ze \u017ar\u00f3de\u0142 literackich lub ludowych, niekiedy wier- szowane, zawieraj\u0105ce prawd\u0119 o charakterze uniwersalnym oraz potoczny s\u0105d na temat rzeczywisto\u015bci, cytowane jako wskaz\u00f3wka, przestroga, komentarz do danej sytuacji. &#8211; <em>Praktyczny s\u0142ownik wsp\u00f3\u0142czesnej polszczyzny.\u00a0<\/em><\/p>\n<p>Z pewno\u015bci\u0105 nie raz spotka\u0142e\u015b si\u0119 z przys\u0142owiem. Jak i niejednokrotnie u\u017cywa\u0142e\u015b je w stosunku do danej sytuacji. Ciekawa jestem, kt\u00f3re przys\u0142owie najcz\u0119\u015bciej s\u0142ysza\u0142e\u015b w swoim \u017cyciu, z kt\u00f3rym najcz\u0119\u015bciej si\u0119 spotka\u0142e\u015b.<\/p>\n<p>Mo\u017ce zaczn\u0119 od najbardziej popularnego, kt\u00f3re napewno ka\u017cdy z nas zna, i to jeszcze z okresu naszego dzieci\u0144stwa.<\/p>\n<p><strong>&#8220;Czego Ja\u015b si\u0119 nie nauczy, tego Jan nie b\u0119dzie umia\u0142&#8221;<\/strong>. &#8211; Ja\u015b w tym przys\u0142owiu oznacza ch\u0142opca, a Jan doros\u0142ego m\u0119\u017cczyzn\u0119. Przys\u0142owie to m\u00f3wi nam, \u017ce wiedza i umiej\u0119tno\u015bci, kt\u00f3re zdob\u0119dziemy w okresie dzieci\u0144stwa pozostaj\u0105 nam na ca\u0142e \u017cycie. W m\u0142odo\u015bci poch\u0142aniamy wiedz\u0119 jak g\u0105bka, nigdy p\u00f3\u017aniej nie bedziemy si\u0119 tak szybko uczy\u0107 &#8211; a te\u017c czasu ju\u017c tyle nie b\u0119dzie. Je\u015bli w m\u0142odo\u015bci zaniedbamy nauk\u0119, ju\u017c tego nie nadrobimy. Dlatego wa\u017cne jest, aby w dzieci\u0144stwie nabra\u0107 odpowiednich cech charakteru, kt\u00f3re pozostan\u0105 z nami na reszt\u0119 \u017cycia.<\/p>\n<p>Potrafisz wyt\u0142umaczy\u0107 dziecku w prosty spos\u00f3b: Dlaczego tak si\u0119 m\u00f3wi?<\/p>\n<p>\ud83d\udc49\ud83c\udffc Je\u015bli NIE, u\u0142atwi\u0119 Ci zadanie \ud83d\ude0a<\/p>\n<h2>Lisek<\/h2>\n<p>Lisek Ja\u015b chcia\u0142 by\u0107 pi\u0142karzem.<\/p>\n<p>Od dzieci\u0144stwa o tym marzy\u0142!<\/p>\n<p>Kiedy strzeli\u0142 gola &#8211; HURA! &#8211;<\/p>\n<p>jak przepi\u00f3rka obr\u00f3s\u0142 w pi\u00f3ra.<\/p>\n<p><strong>Obrosn\u0105\u0107 w pi\u00f3rka<\/strong> &#8211; wzbogaci\u0107 si\u0119, osi\u0105gn\u0105\u0107 znaczenie, zwi\u0119kszy\u0107 pewno\u015b\u0107 siebie, sta\u0107 si\u0119 kim\u015b wa\u017cnym.<\/p>\n<p>[\/et_pb_text][et_pb_image src=&quot;http:\/\/vaxhoib.cluster100.hosting.ovh.net\/wp-content\/uploads\/2022\/02\/Dziecko-przeglada-ksiazke.jpg&quot; alt=&quot;Dziecko przegl\u0105da ksi\u0105\u017ck\u0119&quot; title_text=&quot;Dziecko przegl\u0105da ksi\u0105\u017ck\u0119&quot; _builder_version=&quot;4.14.7&quot; _module_preset=&quot;default&quot; global_colors_info=&quot;{}&quot;][\/et_pb_image][\/et_pb_column][\/et_pb_row][et_pb_row use_custom_gutter=&quot;on&quot; make_equal=&quot;on&quot; module_id=&quot;nieszkodzic&quot; _builder_version=&quot;4.6.5&quot; _module_preset=&quot;default&quot; custom_margin=&quot;-20px||||false|false&quot; custom_margin_tablet=&quot;&quot; custom_margin_phone=&quot;&quot; custom_margin_last_edited=&quot;on|desktop&quot; global_colors_info=&quot;{}&quot;][et_pb_column type=&quot;4_4&quot; _builder_version=&quot;4.6.5&quot; _module_preset=&quot;default&quot; global_colors_info=&quot;{}&quot;][et_pb_text module_id=&quot;komfort&quot; _builder_version=&quot;4.14.7&quot; _module_preset=&quot;default&quot; text_font_size=&quot;18px&quot; header_font=&quot;Open Sans||||||||&quot; header_font_size=&quot;35px&quot; header_2_font=&quot;Open Sans||||||||&quot; header_2_text_align=&quot;center&quot; header_2_font_size=&quot;30px&quot; header_3_font_size=&quot;26px&quot; global_colors_info=&quot;{}&quot;]<\/p>\n<h2><span style=\"font-weight: 400;\">Przys\u0142owia polskie &#8211; wierszyki dla dzieci<\/span><\/h2>\n<h3>Najciemniej jest pod latarni\u0105<\/h3>\n<p>Mama zgubi\u0142a klucze od domu!<\/p>\n<p>Wszyscy staraj\u0105 si\u0119 mamie pom\u00f3c.<\/p>\n<p>Dziadek z magnesem k\u0105ty przetrz\u0105sa,<\/p>\n<p>Mama przepraszam, tata si\u0119 d\u0105sa:<\/p>\n<p>Najtrudniej znale\u017a\u0107 to, co jest blisko.<\/p>\n<p>Sprawd\u017acie przy wej\u015bciu i pod walizk\u0105.<span class=\"Apple-converted-space\">\u00a0<\/span><\/p>\n<p>Mo\u017ce wypad\u0142y gdzie\u015b po zmierzchu?<\/p>\n<p>Wreszcie znalaz\u0142a! By\u0142y na wierzchu.<\/p>\n<p>W mamy torebce. Przyznajcie sami:<\/p>\n<p>Kto z was k\u0142opot\u00f3w nie mia\u0142 z kluczami?<\/p>\n<p><strong>Najciemniej pod latarni\u0105<\/strong> &#8211; najtrudniej dostrzec to, co znajduje si\u0119 blisko.<\/p>\n<p><strong>Diabe\u0142 nakry\u0142 co\u015b ogonem<\/strong> &#8211; m\u00f3wimy, kiedy nie mo\u017cemy znale\u017a\u0107 czego\u015b\u0107, co jeszcze widzieli\u015bmy w pobli\u017cu.<\/p>\n<h3>Nie chwal dnia przed zachodem s\u0142o\u0144ca.<\/h3>\n<p>To b\u0119dzie super dzionek \u2014 stwierdzi\u0142 tata rankiem.<\/p>\n<p>Chwil\u0119 p\u00f3\u017aniej zbi\u0142 szyb\u0119, wyla\u0142 kawy szklank\u0119,<span class=\"Apple-converted-space\">\u00a0<\/span><\/p>\n<p>W po\u0142udnie zepsu\u0142 auto i sparzy\u0142 si\u0119 \u00a0s\u0142o\u0144cem,<\/p>\n<p>Ryzykownie jest chwali\u0107 dzie\u0144 przed jego ko\u0144cem.<\/p>\n<p><strong>Nie chwal dnia przed zachodem s\u0142o\u0144ca<\/strong> &#8211; przys\u0142owie to m\u00f3w nam, by\u015bmy nie cieszyli si\u0119 za wczasu sukcesem, bo jeszcze wiele mo\u017ce si\u0119 wydarzy\u0107. Powinni\u015bmy cierpliwie poczeka\u0107 \u00a0ze \u015bwi\u0119towaniem do fina\u0142u wydarze\u0144. W\u00f3wczas w razie pora\u017cki unikniemy rozczarowania.<\/p>\n<p>[\/et_pb_text][et_pb_image src=&quot;http:\/\/vaxhoib.cluster100.hosting.ovh.net\/wp-content\/uploads\/2022\/01\/Kubek-odrudej.jpg&quot; alt=&quot;Kubek odrudej&quot; title_text=&quot;Kubek odrudej&quot; _builder_version=&quot;4.14.7&quot; _module_preset=&quot;default&quot; global_colors_info=&quot;{}&quot;][\/et_pb_image][\/et_pb_column][\/et_pb_row][et_pb_row use_custom_gutter=&quot;on&quot; make_equal=&quot;on&quot; module_id=&quot;nieszkodzic&quot; _builder_version=&quot;4.6.5&quot; _module_preset=&quot;default&quot; custom_margin=&quot;-20px||||false|false&quot; custom_margin_tablet=&quot;&quot; custom_margin_phone=&quot;&quot; custom_margin_last_edited=&quot;on|desktop&quot; global_colors_info=&quot;{}&quot;][et_pb_column type=&quot;4_4&quot; _builder_version=&quot;4.6.5&quot; _module_preset=&quot;default&quot; global_colors_info=&quot;{}&quot;][et_pb_text module_id=&quot;komfort&quot; _builder_version=&quot;4.14.7&quot; _module_preset=&quot;default&quot; text_font_size=&quot;18px&quot; header_font=&quot;Open Sans||||||||&quot; header_font_size=&quot;35px&quot; header_2_font=&quot;Open Sans||||||||&quot; header_2_font_size=&quot;28px&quot; header_3_font_size=&quot;28px&quot; hover_enabled=&quot;0&quot; global_colors_info=&quot;{}&quot; sticky_enabled=&quot;0&quot;]<\/p>\n<h3 style=\"text-align: center;\">Nowe szaty cesarza<\/h3>\n<p>&#8220;\u017by\u0142 raz sobie cz\u0142owiek, kt\u00f3remu sen z powiek, sp\u0119dza\u0142y krawaty oraz inne szaty.<\/p>\n<p>Zawsze mu si\u0119 ma\u0142o ubra\u0144 wydawa\u0142o i stroj\u00f3w mie\u0107 chcia\u0142 wi\u0119cej ni\u017ali mia\u0142&#8230;<\/p>\n<p>[&#8230;] A z bajki tej p\u0142ynie nauka, a ju\u015bci,<\/p>\n<p>\u017ce s\u0105 na tym \u015bwiecie okrutni oszu\u015bci.<\/p>\n<p>I jeszcze ta lekcja, \u017ce cz\u0142owiek bogaty<\/p>\n<p>niech w strojne nie stroi si\u0119 suknie ni szaty,<\/p>\n<p>bo ten, kto \u017ale my\u015bli, \u017ale czuje i \u017cyje,<\/p>\n<p>pod szat\u0105 jedwabn\u0105 swej z\u0142o\u015bci nie skryje&#8221;.<\/p>\n<p>Nie szata zdobi cz\u0142owieka &#8211; przys\u0142owie to, uczy nas, \u017ce to nie wygl\u0105d i zamo\u017cno\u015b\u0107 decyduje jakim jest cz\u0142owiek. Lecz jego wn\u0119trze i to jakie ma serce. Nie nale\u017cy ocenia\u0107 cz\u0142owieka tylko po wygl\u0105dzie, nie wiesz, co mu si\u0119 przytrafi\u0142o, co doprowadzi\u0142o do tego, \u017ce w\u0142a\u015bnie wygl\u0105da jak wygl\u0105da.<\/p>\n<p>Nie zdziwi\u0119 si\u0119 je\u015bli przysz\u0142a ci do g\u0142owy r\u00f3wnie\u017c taka my\u015bl: Czasem wi\u0119ksz\u0105 dostaniemy pomoc, od cz\u0142owieka, kt\u00f3ry ma\u0142o ma, ni\u017c od osoby, kt\u00f3ra ma tak wiele. To nie status materialny m\u00f3wi, jakim jest kto cz\u0142owiekem.<\/p>\n<p><strong>Nie wszystko z\u0142oto, co si\u0119 \u015bwieci<\/strong> &#8211; nie wszystko, co wydaje si\u0119 atrakcyjne i przyci\u0105ga nasz\u0105 uwag\u0119, jest warto\u015bciowe. Pozory bardzo cz\u0119sto myl\u0105. Nale\u017cy pami\u0119ta\u0107 o tym i nie kierowa\u0107 si\u0119 powierzchownym wygl\u0105dem rzeczy. Pierwsze spojrzenie na osob\u0119, r\u00f3wnie\u017c mo\u017ce wprowadzi\u0107 w b\u0142\u0105d.<\/p>\n<p><strong>Nie oceniaj ksi\u0105\u017cki po ok\u0142adce<\/strong> &#8211; powiedzenie to, m\u00f3wi nam, by\u015bmy nie oceniali czego\u015b z g\u00f3ry, powierzchownie. Powiedzenie to, oczywi\u015bcie jest metafor\u0105 &#8211; nie dotyczy tylko ksi\u0105\u017cek, czy przedmiot\u00f3w, ale r\u00f3wnie\u017c ludzi. Bo czy nie z \u0142atwo\u015bci\u0105 przychodzi nam ocenianie innych os\u00f3b? O ocenianiu napisa\u0142am osobny <a href=\"http:\/\/vaxhoib.cluster100.hosting.ovh.net\/dlaczego-ona-tak-krzyczy-wredna-matka\/\">artyku\u0142<\/a>, dlatego nie b\u0119d\u0119 tutaj przed\u0142u\u017ca\u0107.<\/p>\n<p>&#8220;Pi\u0119knie oprawiona ksi\u0105\u017cka, nie zawsze jest ciekawa i warto\u015bciowa. Bywa i odwrotnie &#8211; skromna oprawa mo\u017ce skrywa\u0107 interesuj\u0105c\u0105 i wa\u017cn\u0105 tre\u015b\u0107&#8221;.<\/p>\n<p>[\/et_pb_text][et_pb_image src=&quot;http:\/\/vaxhoib.cluster100.hosting.ovh.net\/wp-content\/uploads\/2022\/02\/Nie-oceniaj-ksiazki-po-okladce.jpg&quot; alt=&quot;Nie oceniaj ksi\u0105\u017cki po ok\u0142adce&quot; title_text=&quot;Nie oceniaj ksi\u0105\u017cki po ok\u0142adce&quot; _builder_version=&quot;4.14.7&quot; _module_preset=&quot;default&quot; global_colors_info=&quot;{}&quot;][\/et_pb_image][\/et_pb_column][\/et_pb_row][et_pb_row use_custom_gutter=&quot;on&quot; make_equal=&quot;on&quot; module_id=&quot;nieszkodzic&quot; _builder_version=&quot;4.6.5&quot; _module_preset=&quot;default&quot; custom_margin=&quot;-20px||||false|false&quot; custom_margin_tablet=&quot;&quot; custom_margin_phone=&quot;&quot; custom_margin_last_edited=&quot;on|desktop&quot; global_colors_info=&quot;{}&quot;][et_pb_column type=&quot;4_4&quot; _builder_version=&quot;4.6.5&quot; _module_preset=&quot;default&quot; global_colors_info=&quot;{}&quot;][et_pb_text module_id=&quot;komfort&quot; _builder_version=&quot;4.14.7&quot; _module_preset=&quot;default&quot; text_font_size=&quot;18px&quot; header_font=&quot;Open Sans||||||||&quot; header_font_size=&quot;35px&quot; header_2_font=&quot;Open Sans||||||||&quot; header_2_font_size=&quot;28px&quot; header_3_font_size=&quot;25px&quot; header_4_font_size=&quot;22px&quot; global_colors_info=&quot;{}&quot;]<\/p>\n<h2 style=\"text-align: center;\">Przys\u0142owia polskie &#8211; Pracowite pszcz\u00f3\u0142ki<\/h2>\n<p>Pszczo\u0142a to jest owad ma\u0142y, ale za to doskona\u0142y.<\/p>\n<p>Ona w ulu dom sw\u00f3j ma i pracuje tam co dnia.<\/p>\n<p>Zapyla kwiaty, ci\u0119\u017cko pracuj\u0119, ludzi miodkiem obdarowuje.<\/p>\n<p>W lesie, w powietrzu czy te\u017c na \u0142\u0105ce,<\/p>\n<p>mo\u017cemy spotka\u0107 pszcz\u00f3\u0142ek tysi\u0105ce.<\/p>\n<p>Ci\u0105gle lataj\u0105, nektar zbieraj\u0105 i wiele si\u0142y do pracy maj\u0105.<\/p>\n<p>Z zebranym nektarem, z zachwytu wielkiego,<\/p>\n<p>wracaj\u0105 pszcz\u00f3\u0142ki do domu swojego.<\/p>\n<p>Ka\u017cda to pszcz\u00f3\u0142ka jest pracowita, \u017cadna nie pr\u00f3\u017cnuje, produkuje dla nas miodek i ci\u0119\u017cko pracuje.<\/p>\n<p>A my miodek ten lubimy, szybko go zjadamy,<\/p>\n<p>przez co zdrowsi si\u0119 czujemy i dobre humory mamy.<\/p>\n<p><strong>By\u0107 pracowitym jak pszczo\u0142a<\/strong> &#8211; je\u015bli uslyszymy co\u015b takiego, mo\u017cemy to z pewno\u015bci\u0105 odebra\u0107 jako komplement. U\u017cywamy tego powiedzenia, opisuj\u0105c cz\u0142owieka w pe\u0142ni w co\u015b zaanga\u017cowanego.<\/p>\n<p><strong>Nie od razu Krak\u00f3w zbudowano<\/strong> &#8211; to powiedzenie zach\u0119ca do cierpliwo\u015bci. Budowa domu zabiera sporo czasu, a co dopiero budowa ca\u0142ego miasta. Rzeczy wa\u017cne i warto\u015bciowe wymagaj\u0105 czasu. Warto o tym pami\u0119ta\u0107.<\/p>\n<p><strong>Daj kurze grz\u0119d\u0119, a ona wy\u017cej si\u0119d\u0119<\/strong> &#8211; Przys\u0142owie to opisuje cz\u0142owieka, kt\u00f3ry niczego sam si\u0119 nie dorobi\u0142. To co ma &#8211; otrzyma\u0142, nie zapracowa\u0142 na to sam, ale wci\u0105\u017c jest mu ma\u0142o, czuje si\u0119 niezadowolny i wci\u0105\u017c ma oczekiwania, by otrzyma\u0107 wi\u0119cej.<\/p>\n<h2>Mysz<\/h2>\n<p>Mysz pod miot\u0142\u0105 siedzi cicho,<\/p>\n<p>bowiem nie \u015bpi\u0105: kot i licho.<\/p>\n<p>Marzy jednak co sobota,<\/p>\n<p>\u017ce pogoni kotu kota.<\/p>\n<p>Wyobra\u017ca sobie wtedy,<\/p>\n<p>\u017ce napyta kotu biedy:<\/p>\n<p>&#8211; Panie kocie, czy pan s\u0142yszy?<\/p>\n<p>Prosz\u0119 przesta\u0107 \u0142owi\u0107 myszy!<\/p>\n<p>Ze mnie, owszem, mysz spokojna,<\/p>\n<p>lecz chcesz wojny? B\u0119dzie wojna!<\/p>\n<p>Wcale tutaj nie \u017cartuje.<\/p>\n<p>Zadrze\u0107 z mysz\u0105&#8230;C\u00f3\u017c, wsp\u00f3\u0142czuj\u0119&#8230;<\/p>\n<p>Raz w tygodniu, przy sobocie,<\/p>\n<p>mysz si\u0119 w my\u015blach m\u015bci na kocie.<\/p>\n<p>Ale p\u00f3\u017aniej, a\u017c do pi\u0105tku,<\/p>\n<p>wszystko wraca do porz\u0105dku.<\/p>\n<p><strong>Siedzie\u0107 cicho jak mysz pod miot\u0142\u0105<\/strong> &#8211; nie zwraca\u0107 na siebie uwagi.<\/p>\n<p><strong>Licho nie \u015bpi<\/strong> &#8211; zawsze mo\u017ce zdarzy\u0107 si\u0119 co\u015b z\u0142ego, nawet gdy jest dobrze.<\/p>\n<p><strong>Napyta\u0107 biedy<\/strong> &#8211; \u015bci\u0105gn\u0105\u0107 na siebie, albo kogo\u015b k\u0142opoty.<\/p>\n<p><strong>Pogoni\u0107 komu\u015b kota<\/strong> &#8211; wyrzuci\u0107, przep\u0119dzi\u0107, zmusi\u0107 do wysi\u0142ku.<\/p>\n<p>[\/et_pb_text][et_pb_image src=&quot;http:\/\/vaxhoib.cluster100.hosting.ovh.net\/wp-content\/uploads\/2022\/02\/pogonic-kota.jpg&quot; alt=&quot;pogoni\u0107 kota &quot; title_text=&quot;pogoni\u0107 kota&quot; _builder_version=&quot;4.14.7&quot; _module_preset=&quot;default&quot; global_colors_info=&quot;{}&quot;][\/et_pb_image][\/et_pb_column][\/et_pb_row][et_pb_row use_custom_gutter=&quot;on&quot; make_equal=&quot;on&quot; module_id=&quot;nieszkodzic&quot; _builder_version=&quot;4.6.5&quot; _module_preset=&quot;default&quot; custom_margin=&quot;-20px||||false|false&quot; custom_margin_tablet=&quot;&quot; custom_margin_phone=&quot;&quot; custom_margin_last_edited=&quot;on|desktop&quot; global_colors_info=&quot;{}&quot;][et_pb_column type=&quot;4_4&quot; _builder_version=&quot;4.6.5&quot; _module_preset=&quot;default&quot; global_colors_info=&quot;{}&quot;][et_pb_text module_id=&quot;komfort&quot; _builder_version=&quot;4.14.7&quot; _module_preset=&quot;default&quot; text_font_size=&quot;18px&quot; header_font=&quot;Open Sans||||||||&quot; header_font_size=&quot;35px&quot; header_2_font=&quot;Open Sans||||||||&quot; header_2_font_size=&quot;30px&quot; header_3_font_size=&quot;24px&quot; global_colors_info=&quot;{}&quot;]<\/p>\n<h2 style=\"text-align: center;\">Choroba na niby &#8211; paluszek i g\u0142\u00f3wka to szkolna wym\u00f3wka<\/h2>\n<p>Gdy wstawania przysz\u0142a pora. Ma\u0142a Ala strasznie chora.<\/p>\n<p>Boli g\u0142owa, bol\u0105 uszy &#8211; z \u0142\u00f3\u017cka chyba si\u0119 nie ruszy.<\/p>\n<p>Gard\u0142o, mamo, tak\u017ce drapie. Marszcz\u0105c czo\u0142o Ala sapie.<\/p>\n<p>Na \u015bniadanie to dam rad\u0119, prze\u0142kn\u0105\u0107 tylko marmolad\u0119.<\/p>\n<p>Ja tu Alu nie pomog\u0119. Zbada\u0107 sama Ci\u0119 nie mog\u0119. A rumie\u0144ce jestem zdania, pojawi\u0142y si\u0119 z wyspania.<\/p>\n<p>Skoro jeste\u015b taka chora. Biegn\u0119 dzwoni\u0107 po doktora.<\/p>\n<p>Zaraz przyjdzie z lekarstwami, syropami, zastrzykami.<\/p>\n<p>Kiedy mowa o doktorze, Ala wsta\u0107 ju\u017c z \u0142\u00f3\u017cka mo\u017ce. Szybko zmyka do \u0142azienki. I apetyt wraca wielki.<\/p>\n<p>Mama tylko g\u0142ow\u0105 kr\u0119ci: I\u015b\u0107 do szko\u0142y, nie masz ch\u0119ci. <strong>Bo paluszek oraz g\u0142\u00f3wka to\u017c to szkolna jest wym\u00f3wka<\/strong>.<\/p>\n<h2 style=\"text-align: center;\">Najpi\u0119kniejsze przys\u0142owie<\/h2>\n<p>Moje ulubione i najpi\u0119kniejsze wed\u0142ug mnie przys\u0142owie: <strong>Dlatego dwie uszy, jeden j\u0119zyk dano, i\u017cby mniej m\u00f3wiono, a wi\u0119cej s\u0142uchano. <\/strong>Przys\u0142owie to m\u00f3wi nam, \u017ce nie bez powodu mamy jeden j\u0119zyk &#8211; kt\u00f3rym wci\u0105\u017c peplamy i zakrzykujemy innych. Nie potarfimy s\u0142ucha\u0107 innych, ale na pierwszy plan od razu zakrzykujemy w\u0142asnymi problemami.<\/p>\n<p>&#8220;Przys\u0142owie to mo\u017cna interpretowa\u0107 na wiele sposob\u00f3w, np. w rodzinie s\u0142uchajmy, tego co maj\u0105 do powiedzenia rodzice (kt\u00f3rzy maj\u0105 do\u015bwiadczenie i swoje prze\u017cyli), a tak\u017ce dzieci, (kt\u00f3re mimo m\u0142odego wieku) bardziej nad\u0105\u017caj\u0105 za rozp\u0119dzonym \u015bwiatem&#8221;.<\/p>\n<p>[\/et_pb_text][\/et_pb_column][\/et_pb_row][\/et_pb_section][et_pb_section fb_built=&#8221;1&#8243; module_id=&#8221;grupa&#8221; _builder_version=&#8221;4.7.3&#8243; _module_preset=&#8221;default&#8221; custom_margin=&#8221;-28px||||false|false&#8221; global_colors_info=&#8221;{}&#8221;][et_pb_row module_id=&#8221;nadzieja&#8221; _builder_version=&#8221;4.6.5&#8243; _module_preset=&#8221;default&#8221; custom_margin=&#8221;-20px||-20px||false|false&#8221; global_colors_info=&#8221;{}&#8221;][et_pb_column type=&#8221;4_4&#8243; _builder_version=&#8221;4.6.5&#8243; _module_preset=&#8221;default&#8221; global_colors_info=&#8221;{}&#8221;][et_pb_text _builder_version=&#8221;4.7.7&#8243; _module_preset=&#8221;default&#8221; text_font=&#8221;Open Sans||||||||&#8221; text_font_size=&#8221;20px&#8221; global_colors_info=&#8221;{}&#8221;]<\/p>\n<p><span style=\"color: #ff6600;\"><strong><em>B\u0119dzie mi mi\u0142o, je\u015bli udost\u0119pnisz ten artyku\u0142 dalej! Dzi\u0119kuje!<\/em><\/strong><\/span><\/p>\n<p><strong><em><\/em><\/strong><\/p>\n<p><strong><em><\/em><\/strong><\/p>\n<p>[\/et_pb_text][et_pb_social_media_follow _builder_version=&#8221;4.6.5&#8243; _module_preset=&#8221;default&#8221; custom_margin=&#8221;-11px||-11px||false|false&#8221; global_colors_info=&#8221;{}&#8221;][et_pb_social_media_follow_network social_network=&#8221;facebook&#8221; _builder_version=&#8221;4.6.5&#8243; _module_preset=&#8221;default&#8221; background_color=&#8221;#3b5998&#8243; global_colors_info=&#8221;{}&#8221; follow_button=&#8221;off&#8221; url_new_window=&#8221;on&#8221;]facebook[\/et_pb_social_media_follow_network][et_pb_social_media_follow_network social_network=&#8221;twitter&#8221; _builder_version=&#8221;4.6.5&#8243; _module_preset=&#8221;default&#8221; background_color=&#8221;#00aced&#8221; global_colors_info=&#8221;{}&#8221; follow_button=&#8221;off&#8221; url_new_window=&#8221;on&#8221;]twitter[\/et_pb_social_media_follow_network][et_pb_social_media_follow_network social_network=&#8221;instagram&#8221; _builder_version=&#8221;4.6.5&#8243; _module_preset=&#8221;default&#8221; background_color=&#8221;#ea2c59&#8243; global_colors_info=&#8221;{}&#8221; follow_button=&#8221;off&#8221; url_new_window=&#8221;on&#8221;]instagram[\/et_pb_social_media_follow_network][et_pb_social_media_follow_network social_network=&#8221;pinterest&#8221; _builder_version=&#8221;4.6.5&#8243; _module_preset=&#8221;default&#8221; background_color=&#8221;#cb2027&#8243; global_colors_info=&#8221;{}&#8221; follow_button=&#8221;off&#8221; url_new_window=&#8221;on&#8221;]pinterest[\/et_pb_social_media_follow_network][et_pb_social_media_follow_network social_network=&#8221;rss&#8221; _builder_version=&#8221;4.6.5&#8243; _module_preset=&#8221;default&#8221; background_color=&#8221;#ff8a3c&#8221; global_colors_info=&#8221;{}&#8221; follow_button=&#8221;off&#8221; url_new_window=&#8221;on&#8221;]rss[\/et_pb_social_media_follow_network][\/et_pb_social_media_follow][\/et_pb_column][\/et_pb_row][\/et_pb_section][et_pb_section fb_built=&#8221;1&#8243; admin_label=&#8221;Related Articles&#8221; _builder_version=&#8221;4.6.5&#8243; custom_margin=&#8221;-100px||||false|false&#8221; global_colors_info=&#8221;{}&#8221;][et_pb_row _builder_version=&#8221;4.6.5&#8243; global_colors_info=&#8221;{}&#8221;][et_pb_column type=&#8221;4_4&#8243; _builder_version=&#8221;3.26.6&#8243; global_colors_info=&#8221;{}&#8221;][et_pb_text _builder_version=&#8221;3.27.4&#8243; header_2_font=&#8221;Montserrat|700|||||||&#8221; header_2_font_size=&#8221;70px&#8221; header_2_line_height=&#8221;1.2em&#8221; max_width=&#8221;750px&#8221; header_2_font_size_tablet=&#8221;48px&#8221; header_2_font_size_phone=&#8221;36px&#8221; header_2_font_size_last_edited=&#8221;on|desktop&#8221; locked=&#8221;off&#8221; global_colors_info=&#8221;{}&#8221;]<\/p>\n<h2>Related Articles<\/h2>\n<p>[\/et_pb_text][et_pb_text _builder_version=&#8221;4.6.5&#8243; text_font=&#8221;Poppins|700|||||||&#8221; text_text_color=&#8221;rgba(0,0,0,0.06)&#8221; text_font_size=&#8221;107px&#8221; text_line_height=&#8221;1.2em&#8221; custom_margin=&#8221;-120px|||-120px|false|false&#8221; custom_margin_tablet=&#8221;-90px|||-60px|false|false&#8221; custom_margin_phone=&#8221;-70px|||-40px|false|false&#8221; custom_margin_last_edited=&#8221;on|desktop&#8221; text_font_size_tablet=&#8221;80px&#8221; text_font_size_phone=&#8221;60px&#8221; text_font_size_last_edited=&#8221;on|phone&#8221; locked=&#8221;off&#8221; global_colors_info=&#8221;{}&#8221;]<\/p>\n<p><span style=\"color: rgba(0, 0, 0, 0.06);\">Related<\/span><\/p>\n<p>[\/et_pb_text][\/et_pb_column][\/et_pb_row][\/et_pb_section]<\/p>\n","protected":false},"excerpt":{"rendered":"<p>Przys\u0142owia polskie &#8211; u\u017cywamy ich w \u017cyciu codziennym. Jak wyt\u0142umaczy\u0107 dziecku: &#8220;Mamo, a co to znaczy?&#8221;. Przys\u0142owia i wierszyki z wyja\u015bnieniami dla dzieci. <\/p>\n","protected":false},"author":3,"featured_media":14294,"comment_status":"open","ping_status":"closed","sticky":false,"template":"","format":"standard","meta":{"_et_pb_use_builder":"on","_et_pb_old_content":"","_et_gb_content_width":"","footnotes":""},"categories":[2,3],"tags":[236,586,722,749,750,811,812,813,1072,1182],"class_list":["post-14263","post","type-post","status-publish","format-standard","has-post-thumbnail","hentry","category-blog-odrudej","category-mama-i-dziecko","tag-dzieci","tag-najpiekniejsze-przyslowia","tag-polskie-powiedzenia","tag-powiedzenia","tag-powiedzenia-polskie","tag-przyslowia","tag-przyslowia-polskie","tag-przyslowie","tag-wierszyki-dla-dzieci","tag-znane-przyslowie"],"_links":{"self":[{"href":"http:\/\/vaxhoib.cluster100.hosting.ovh.net\/index.php\/wp-json\/wp\/v2\/posts\/14263","targetHints":{"allow":["GET"]}}],"collection":[{"href":"http:\/\/vaxhoib.cluster100.hosting.ovh.net\/index.php\/wp-json\/wp\/v2\/posts"}],"about":[{"href":"http:\/\/vaxhoib.cluster100.hosting.ovh.net\/index.php\/wp-json\/wp\/v2\/types\/post"}],"author":[{"embeddable":true,"href":"http:\/\/vaxhoib.cluster100.hosting.ovh.net\/index.php\/wp-json\/wp\/v2\/users\/3"}],"replies":[{"embeddable":true,"href":"http:\/\/vaxhoib.cluster100.hosting.ovh.net\/index.php\/wp-json\/wp\/v2\/comments?post=14263"}],"version-history":[{"count":0,"href":"http:\/\/vaxhoib.cluster100.hosting.ovh.net\/index.php\/wp-json\/wp\/v2\/posts\/14263\/revisions"}],"wp:featuredmedia":[{"embeddable":true,"href":"http:\/\/vaxhoib.cluster100.hosting.ovh.net\/index.php\/wp-json\/"}],"wp:attachment":[{"href":"http:\/\/vaxhoib.cluster100.hosting.ovh.net\/index.php\/wp-json\/wp\/v2\/media?parent=14263"}],"wp:term":[{"taxonomy":"category","embeddable":true,"href":"http:\/\/vaxhoib.cluster100.hosting.ovh.net\/index.php\/wp-json\/wp\/v2\/categories?post=14263"},{"taxonomy":"post_tag","embeddable":true,"href":"http:\/\/vaxhoib.cluster100.hosting.ovh.net\/index.php\/wp-json\/wp\/v2\/tags?post=14263"}],"curies":[{"name":"wp","href":"https:\/\/api.w.org\/{rel}","templated":true}]}}