{"id":14353,"date":"2022-03-10T11:44:17","date_gmt":"2022-03-10T09:44:17","guid":{"rendered":"https:\/\/odrudej.pl\/?p=14353"},"modified":"2022-03-10T11:44:17","modified_gmt":"2022-03-10T09:44:17","slug":"wojna-rosja-ukraina","status":"publish","type":"post","link":"http:\/\/vaxhoib.cluster100.hosting.ovh.net\/index.php\/2022\/03\/10\/wojna-rosja-ukraina\/","title":{"rendered":"24 lutego 2022 &#8211; Wojna Rosja &#8211; Ukraina"},"content":{"rendered":"<p>[et_pb_section fb_built=&quot;1&quot; specialty=&quot;on&quot; padding_top_bottom_link_1=&quot;false&quot; padding_top_bottom_link_2=&quot;false&quot; padding_left_right_link_1=&quot;false&quot; padding_left_right_link_2=&quot;false&quot; padding_top_1=&quot;0px&quot; padding_top_2=&quot;0px&quot; _builder_version=&quot;4.6.5&quot; _module_preset=&quot;default&quot; global_colors_info=&quot;{}&quot;][et_pb_column type=&quot;1_2&quot; _builder_version=&quot;3.25&quot; custom_padding=&quot;|||&quot; global_colors_info=&quot;{}&quot; custom_padding__hover=&quot;|||&quot;][et_pb_post_title meta=&quot;off&quot; featured_image=&quot;off&quot; _builder_version=&quot;4.6.5&quot; _module_preset=&quot;default&quot; title_font=&quot;Open Sans|700|||||||&quot; title_font_size=&quot;41px&quot; title_font_size_tablet=&quot;38px&quot; title_font_size_phone=&quot;36px&quot; title_font_size_last_edited=&quot;on|tablet&quot; global_colors_info=&quot;{}&quot;][\/et_pb_post_title][et_pb_blurb title=&quot;@ET-DC@eyJkeW5hbWljIjp0cnVlLCJjb250ZW50IjoicG9zdF9hdXRob3IiLCJzZXR0aW5ncyI6eyJiZWZvcmUiOiJUZWtzdCAiLCJhZnRlciI6IiIsIm5hbWVfZm9ybWF0IjoiZGlzcGxheV9uYW1lIiwibGluayI6Im9uIiwibGlua19kZXN0aW5hdGlvbiI6ImF1dGhvcl9hcmNoaXZlIn19@&quot; image=&quot;http:\/\/vaxhoib.cluster100.hosting.ovh.net\/wp-content\/uploads\/2020\/05\/odrudej-ja.jpg&quot; alt=&quot;Aneta Boritzka&quot; icon_placement=&quot;left&quot; image_icon_width=&quot;48px&quot; content_max_width=&quot;1100px&quot; _builder_version=&quot;4.13.0&quot; _dynamic_attributes=&quot;title,content&quot; header_font=&quot;Cardo|700|||||||&quot; body_font=&quot;||||||||&quot; body_line_height=&quot;1em&quot; custom_margin=&quot;9px||||false|false&quot; border_radii_image=&quot;on|70px|70px|70px|70px&quot; image_max_width=&quot;48px&quot; global_colors_info=&quot;{}&quot;]@ET-DC@eyJkeW5hbWljIjp0cnVlLCJjb250ZW50IjoicG9zdF9kYXRlIiwic2V0dGluZ3MiOnsiYmVmb3JlIjoiIiwiYWZ0ZXIiOiIiLCJkYXRlX2Zvcm1hdCI6ImRlZmF1bHQiLCJjdXN0b21fZGF0ZV9mb3JtYXQiOiIifX0=@[\/et_pb_blurb][\/et_pb_column][et_pb_column type=&quot;1_2&quot; specialty_columns=&quot;2&quot; _builder_version=&quot;3.25&quot; custom_padding=&quot;|||&quot; global_colors_info=&quot;{}&quot; custom_padding__hover=&quot;|||&quot;][\/et_pb_column][\/et_pb_section][et_pb_section fb_built=&quot;1&quot; _builder_version=&quot;4.6.5&quot; _module_preset=&quot;default&quot; custom_margin=&quot;-100px||0px||false|false&quot; global_colors_info=&quot;{}&quot; custom_padding__hover_enabled=&quot;on|desktop&quot;][et_pb_row use_custom_gutter=&quot;on&quot; make_equal=&quot;on&quot; module_id=&quot;nieszkodzic&quot; _builder_version=&quot;4.14.8&quot; _module_preset=&quot;default&quot; custom_margin=&quot;0px||||false|false&quot; custom_margin_tablet=&quot;&quot; custom_margin_phone=&quot;&quot; custom_margin_last_edited=&quot;on|desktop&quot; global_colors_info=&quot;{}&quot;][et_pb_column type=&quot;4_4&quot; _builder_version=&quot;4.6.5&quot; _module_preset=&quot;default&quot; global_colors_info=&quot;{}&quot;][et_pb_text module_id=&quot;komfort&quot; _builder_version=&quot;4.14.8&quot; _module_preset=&quot;default&quot; text_font_size=&quot;18px&quot; header_font=&quot;Open Sans||||||||&quot; header_font_size=&quot;35px&quot; header_2_font=&quot;Open Sans||||||||&quot; header_2_font_size=&quot;28px&quot; global_colors_info=&quot;{}&quot;]<\/p>\n<h1 style=\"text-align: center;\"><span style=\"font-weight: normal;\">Poranek 24 lutego 2022<\/span><\/h1>\n<ul><\/ul>\n<p><span style=\"font-weight: 400;\">To by\u0142 zwyk\u0142y poranek. A przynajmniej taki si\u0119 wydawa\u0142. Jak co rano zaprowadzi\u0142am syna do przedszkola. Mia\u0142am zaplanowane mn\u00f3stwo rzeczy do zrobienia. Nie mog\u0142am doczeka\u0107 si\u0119, kiedy si\u0119 za to wszystko zabior\u0119. Mia\u0142am d\u0142u\u017csz\u0105 przerw\u0119 w pracy oczywi\u015bcie przez infekcje, kt\u00f3re wci\u0105\u017c do nas wracaj\u0105.<\/span><\/p>\n<p><span style=\"font-weight: 400;\"> W drodze powrotnej do domu, jad\u0105c tramwajem, przegl\u0105da\u0142am; wiadomo\u015bci, media spo\u0142eczno\u015bciowe &#8211; jak to mam w zwyczaju. <\/span><\/p>\n<p><span style=\"font-weight: 400;\">Nie wiedzia\u0142am, co si\u0119 dzieje. Fala r\u00f3\u017cnych dziwnych wiadomo\u015bci. Czyta\u0142am z niedowierzaniem:<\/span><\/p>\n<p><span style=\"font-weight: 400;\">\u201eNie wierz\u0119\u2026\u201d\u00a0<\/span><\/p>\n<p><span style=\"font-weight: 400;\">\u201eTo si\u0119 nie dzieje\u2026\u201d\u00a0<\/span><\/p>\n<p><span style=\"font-weight: 400;\">\u201eTak bardzo si\u0119 boj\u0119\u201d\u00a0<\/span><\/p>\n<p><span style=\"font-weight: 400;\">\u201eObudzili\u015bmy si\u0119 w zupe\u0142nie innej rzeczywi\u015bci. Rzeczywisto\u015bci, kt\u00f3ra nigdy nie powinna mie\u0107 miejsca. Pe\u0142na strachu, b\u00f3lu, cierpienia i nienawi\u015bci. Historia niczego niekt\u00f3rych nie uczy, a przecie\u017c to ludzie, ludziom gotuj\u0105 ten los. Wojna nie wnosi nic, poza \u015bmierci\u0105 milion\u00f3w os\u00f3b, zniszcze\u0144, kt\u00f3rych si\u0119 nie odbuduje i wspomnie\u0144, kt\u00f3re do ko\u0144ca \u017cycia pozostaj\u0105 koszmarem.\u00a0<\/span><\/p>\n<p><strong>Jeden cz\u0142owiek ma decydowa\u0107 o losach milion\u00f3w?<\/strong><\/p>\n<p><span style=\"font-weight: 400;\">W imi\u0119 czego?<\/span><\/p>\n<p><span style=\"font-weight: 400;\">Czy nie mo\u017cna tego zatrzyma\u0107?<\/span><\/p>\n<p><span style=\"font-weight: 400;\">Nie mog\u0119 tego poj\u0105\u0107\u2026\u00a0<\/span><\/p>\n<p><span style=\"font-weight: 400;\">Bo\u017ce, miej w opiece Ukraine.\u00a0<\/span><\/p>\n<p><span style=\"font-weight: 400;\">M\u00f3dlmy si\u0119 o pok\u00f3j na \u015bwiecie\u2026<\/span><\/p>\n<p><span style=\"font-weight: 400;\">Sercem i my\u015blami jestem z naszymi s\u0105siadami.\u201d &#8211; <a href=\"https:\/\/www.facebook.com\/ostatnie100dni\" target=\"_blank\" rel=\"noopener\">Daniel Stochaj\u00a0<\/a><\/span><\/p>\n<h2 style=\"text-align: center;\"><span style=\"font-weight: 400;\">Naprawd\u0119 XXI wiek i mamy wojn\u0119? Wojna Rosja Ukraina<\/span><\/h2>\n<p><span style=\"font-weight: 400;\">Moje wszystkie plany &#8220;wzi\u0119\u0142o w \u0142eb&#8221;. Ju\u017c nie mog\u0142am si\u0119 skoncentrowa\u0107 na niczym innym. Zadzwoni\u0142am do kole\u017canki z Ukrainy, by dowiedzie\u0107 si\u0119 czy to prawda. Nie mog\u0142am uwierzy\u0107, \u017ce to si\u0119 dzieje. Niestety potwierdzi\u0142a. By\u0142a przera\u017cona, zap\u0142akana. Niestety jej mama obecnie przebywa na Ukrainie. Nie wiedzia\u0142a jak j\u0105 ma stamt\u0105d zabra\u0107. Nie chcia\u0142a wys\u0142a\u0107 m\u0119\u017ca, bo ba\u0142a si\u0119, \u017ce tam b\u0119dzie musia\u0142 zosta\u0107, \u017ceby walczy\u0107. Nie chcia\u0142a zosta\u0107 sama z ma\u0142\u0105 c\u00f3reczk\u0105. A jednocze\u015bnie nie chcia\u0142a zostawi\u0107 tam mamy.\u00a0<\/span><\/p>\n<p><strong>To by\u0142 naprawd\u0119 koszmarny poranek. Dzie\u0144 24 lutego 2022 &#8211; zapami\u0119tamy do ko\u0144ca naszych dni.\u00a0<\/strong><\/p>\n<p>[\/et_pb_text][et_pb_image src=&quot;http:\/\/vaxhoib.cluster100.hosting.ovh.net\/wp-content\/uploads\/2022\/03\/Flaga-Ukrainy.jpg&quot; alt=&quot;Flaga Ukrainy&quot; title_text=&quot;Flaga Ukrainy&quot; _builder_version=&quot;4.14.8&quot; _module_preset=&quot;default&quot; global_colors_info=&quot;{}&quot;][\/et_pb_image][\/et_pb_column][\/et_pb_row][et_pb_row use_custom_gutter=&quot;on&quot; make_equal=&quot;on&quot; module_id=&quot;nieszkodzic&quot; _builder_version=&quot;4.14.8&quot; _module_preset=&quot;default&quot; custom_margin=&quot;0px||||false|false&quot; custom_margin_tablet=&quot;&quot; custom_margin_phone=&quot;&quot; custom_margin_last_edited=&quot;on|desktop&quot; global_colors_info=&quot;{}&quot;][et_pb_column type=&quot;4_4&quot; _builder_version=&quot;4.6.5&quot; _module_preset=&quot;default&quot; global_colors_info=&quot;{}&quot;][et_pb_text module_id=&quot;komfort&quot; _builder_version=&quot;4.14.8&quot; _module_preset=&quot;default&quot; text_font_size=&quot;18px&quot; header_font=&quot;Open Sans||||||||&quot; header_font_size=&quot;35px&quot; header_2_font=&quot;Open Sans||||||||&quot; header_2_text_align=&quot;center&quot; header_2_font_size=&quot;28px&quot; header_3_text_align=&quot;center&quot; header_3_font_size=&quot;29px&quot; header_4_text_align=&quot;center&quot; header_4_font_size=&quot;20px&quot; global_colors_info=&quot;{}&quot;]<\/p>\n<h3><span style=\"font-weight: 400;\">24 lutego &#8211; Wojna Rosja &#8211; Ukraina\u00a0<\/span><\/h3>\n<p><span style=\"font-weight: 400;\">Jak nigdy nie ogl\u0105dam wiadomo\u015bci w telewizji, tak w tym dniu telewizor by\u0142 w\u0142\u0105czony tak d\u0142ugo &#8211; jak syn by\u0142 w przedszkolu.<\/span><\/p>\n<p><span style=\"font-weight: 400;\"> Ogl\u0105da\u0142am wiadomo\u015bci na przemian czytaj\u0105c informacje z internetu. Pomi\u0119dzy przegl\u0105da\u0142am media spo\u0142eczno\u015bciowe. Nie chcia\u0142am niczego pomin\u0105\u0107.\u00a0<\/span><\/p>\n<p><span style=\"font-weight: 400;\">Cho\u0107 wojna nie toczy\u0142a si\u0119 u nas, ale u naszych s\u0105siad\u00f3w, czu\u0142am ogromny strach przed tym, co dalej si\u0119 wydarzy. Jeste\u015bmy przecie\u017c tak blisko Ukrainy. Pr\u00f3buj\u0105c troch\u0119 uspokoi\u0107 swoje my\u015bli, kontaktowa\u0142am si\u0119 z rodzin\u0105, przyjaci\u00f3\u0142mi. Chcia\u0142am us\u0142ysze\u0107 z ich ust co\u015b pozytywnego. Ale w zamian us\u0142ysza\u0142am, \u017ce ka\u017cdy odczuwa strach i niepok\u00f3j taki sam jak ja. <\/span><\/p>\n<p><span style=\"font-weight: 400;\">I wci\u0105\u017c w r\u00f3znych rozmowach przebija\u0142y si\u0119 s\u0142owa: <strong>\u201eNie wiadomo, co b\u0119dzie dalej, Putin jest nieobliczalny\u201d<\/strong>.\u00a0<\/span><\/p>\n<p><span style=\"font-weight: 400;\">Wielu ludzi w tym dniu nazwa\u0142o Putina: szale\u0144cem, psychopat\u0105, nieobliczalnym cz\u0142owiekiem. Czy to cz\u0142owiek? Nie wiem. Dla mnie jest potworem.<\/span><\/p>\n<p><span style=\"font-weight: 400;\">\u201eNie nazywajmy Putina szale\u0144cem. To nie szaleniec, to pozbawiony ludzkich odruch\u00f3w zbrodniarz; ludob\u00f3jca, kt\u00f3ry post\u0119powa\u0142 i post\u0119puje do b\u00f3lu metodycznie. Konsekwencje wojny Putina mog\u0105 je\u015b\u0107 katastrof\u0119 dla ca\u0142ej ludzkiej cywilizacji\u201d. &#8211; <a href=\"https:\/\/twitter.com\/MorawieckiM?ref_src=twsrc%5Egoogle%7Ctwcamp%5Eserp%7Ctwgr%5Eauthor\" target=\"_blank\" rel=\"noopener\">Mateusz Morawiecki<\/a><\/span><\/p>\n<h4><span style=\"font-weight: 400;\">Jak uciec przed potworem? Czy to w og\u00f3le mo\u017cliwe?\u00a0<\/span><\/h4>\n<p><span style=\"font-weight: 400;\">Ludzie uciekaj\u0105 przed wojn\u0105. Niekt\u00f3rzy nawet nie wiedz\u0105, dok\u0105d maj\u0105 ucieka\u0107. Zabieraj\u0105 ze sob\u0105 tylko ma\u0142e walizki, torby, reklam\u00f3wki.<\/span><\/p>\n<p><span style=\"font-weight: 400;\"> Jak spakowa\u0107 si\u0119 do tak ma\u0142ej walizki? Co zabra\u0107 ze sob\u0105? Jak spakowa\u0107 tam ca\u0142e swoje \u017cycie? Co b\u0119dzie najpilniejsze? Co mi si\u0119 najbardziej teraz przyda? Czego nie mog\u0119 zapomnie\u0107? <\/span><\/p>\n<p><span style=\"font-weight: 400;\">Nie potrafi\u0119 sobie wyobrazi\u0107 takiej sytuacji. Wci\u0105\u017c zadaje sobie to pytanie w g\u0142owie: co ja bym zabra\u0142a ze sob\u0105?\u00a0<\/span><\/p>\n<p><span style=\"font-weight: 400;\">Ludzie uciekaj\u0105 ze swoich dom\u00f3w, nie wiedz\u0105c, czy jeszcze b\u0119d\u0105 mieli mo\u017cliwo\u015b\u0107 tam wr\u00f3ci\u0107. Uciekaj\u0105 zostawiaj\u0105c wszystko, czego dorobili si\u0119 do tej pory. Uciekaj\u0105 z miejsca w kt\u00f3rym do niedawna czuli si\u0119 bezpiecznie. Uciekaj\u0105 zostawiaj\u0105c tam swoich bliskich! By\u0107 mo\u017ce nigdy ju\u017c ich nie zobacz\u0105! To straszne!\u00a0<\/span><\/p>\n<p><span style=\"font-weight: 400;\">Nigdy bym nie pomy\u015bla\u0142a, \u017ce przyjdzie mi \u017cy\u0107 w takich czasach. Wydawa\u0142o mi si\u0119, \u017ce mam ju\u017c wystarczaj\u0105co du\u017co problem\u00f3w, wydawa\u0142o mi si\u0119, \u017ce ju\u017c ta inflacja, covid, dost\u0119p do s\u0142u\u017cby zdrowia &#8211; s\u0105 wyj\u0105tkowo przyt\u0142aczaj\u0105ce. A jednak mo\u017ce by\u0107 gorzej, du\u017co gorzej\u2026 <\/span><\/p>\n<p><span style=\"font-weight: 400;\">Niepewno\u015b\u0107&#8230; co wydarzy si\u0119 jutro&#8230; co wydarzy si\u0119 ju\u017c za chwil\u0119.\u00a0<\/span><\/p>\n<p><span style=\"font-weight: 400;\">Nie wiadomo jakie plany ma Putin. Mo\u017cemy tylko przypuszcza\u0107, ale ci\u0119\u017cko jest \u201ewej\u015b\u0107 do jego g\u0142owy\u201d. Ten cz\u0142owiek jest nieobliczalny jak widzimy. Pozbawiony jakichkolwiek ludzkich uczu\u0107. W swoich dzia\u0142aniach jest bezwzgl\u0119dny. I wydawa\u0107 by si\u0119 mog\u0142o, \u017ce jest nie do powstrzymania. Obym si\u0119 myli\u0142a.\u00a0<\/span><\/p>\n<p>[\/et_pb_text][et_pb_image src=&quot;http:\/\/vaxhoib.cluster100.hosting.ovh.net\/wp-content\/uploads\/2022\/03\/Slava-Ukraine.jpg&quot; alt=&quot;Slava &#8211; Ukraine&quot; title_text=&quot;Slava &#8211; Ukraine&quot; _builder_version=&quot;4.14.8&quot; _module_preset=&quot;default&quot; global_colors_info=&quot;{}&quot;][\/et_pb_image][\/et_pb_column][\/et_pb_row][et_pb_row use_custom_gutter=&quot;on&quot; make_equal=&quot;on&quot; module_id=&quot;nieszkodzic&quot; _builder_version=&quot;4.14.8&quot; _module_preset=&quot;default&quot; custom_margin=&quot;0px||||false|false&quot; custom_margin_tablet=&quot;&quot; custom_margin_phone=&quot;&quot; custom_margin_last_edited=&quot;on|desktop&quot; global_colors_info=&quot;{}&quot;][et_pb_column type=&quot;4_4&quot; _builder_version=&quot;4.6.5&quot; _module_preset=&quot;default&quot; global_colors_info=&quot;{}&quot;][et_pb_text module_id=&quot;komfort&quot; _builder_version=&quot;4.14.8&quot; _module_preset=&quot;default&quot; text_font_size=&quot;18px&quot; header_font=&quot;Open Sans||||||||&quot; header_font_size=&quot;35px&quot; header_2_font=&quot;Open Sans||||||||&quot; header_2_text_align=&quot;center&quot; header_2_font_size=&quot;28px&quot; header_3_text_align=&quot;center&quot; header_3_font_size=&quot;24px&quot; global_colors_info=&quot;{}&quot;]<\/p>\n<h2><span style=\"font-weight: 400;\">Nadzieja &#8211; Bohaterowie z Ukrainy<\/span><strong><br \/><\/strong><\/h2>\n<p><span style=\"font-weight: 400;\">Ukraina od ponad dw\u00f3ch tygodni, dzielnie odpiera ataki wojsk rosyjskich kierowanych przez Putina. Ukraina teraz walczy nie tylko o siebie, ale i o ca\u0142\u0105 nasz\u0105 Europ\u0119. <\/span><\/p>\n<h3><span style=\"font-weight: 400;\">Zazdroszcz\u0119 Ukrainie takiego prezydenta! <\/span><\/h3>\n<p><span style=\"font-weight: 400;\">Jeszcze tak niedawno \u015bmiano si\u0119 z niego, gdy zosta\u0142 wybrany na prezydenta, \u017ce komik, \u017ce niedo\u015bwiadczony, \u017ce w og\u00f3le nie zna si\u0119 na polityce, co on \u201enarobi\u201d\u2026 <\/span><\/p>\n<p><span style=\"font-weight: 400;\">A on pokaza\u0142 \u015awiatu: jak powinien zachowywa\u0107 si\u0119 przyw\u00f3dca i prawdziwy lider, za kt\u00f3rym p\u00f3jdzie nar\u00f3d. Mam wielki podziw i szacunek do prezydenta Ukrainy!\u00a0<\/span><\/p>\n<p><span style=\"font-weight: 400;\">S\u0142owa, kt\u00f3rych nigdy nie zapomn\u0119 z jego ust: <strong>\u201ePotrzebuje amunicji, a nie podw\u00f3zki! Wojna jest tutaj!\u201d<\/strong> &#8211; b\u0105d\u017amy szczerzy, nie ka\u017cdy prezydent wykaza\u0142by si\u0119 tak\u0105 odwag\u0105. Nie jeden uciek\u0142by je\u015bli tylko mia\u0142by tak\u0105 mo\u017cliwo\u015b\u0107. <\/span><\/p>\n<p><span style=\"font-weight: 400;\">Czy wypowiadaj\u0105c te s\u0142owa, <a href=\"https:\/\/wydarzenia.interia.pl\/raporty\/raport-ukraina-rosja\/aktualnosci\/news-prezydent-ukrainy-wolodymyr-zelenski-swiat-nie-wierzy-w-przy,nId,5880029\">Ze\u0142enski<\/a> zdawa\u0142 sobie spraw\u0119, \u017ce na zawsze zapisz\u0105 si\u0119 w historii i b\u0119d\u0105 \u015bwiadczy\u0142y o heroizmie jego narodu?<\/span><\/p>\n<p><span style=\"font-weight: 400;\">Ca\u0142y \u015awiat podziwia i zazdro\u015bci prezydenta!<\/span><\/p>\n<p><span style=\"font-weight: 400;\">\u201eOczy ca\u0142ego \u015bwiata skierowane s\u0105 dzi\u015b na Ukrain\u0119 i jego heroicznego przyw\u00f3dc\u0119. Do niedawna traktowany niezbyt powa\u017cnie, dzi\u015b Wo\u0142odymyr Ze\u0142e\u0144ski w cuglach wygra\u0142by wybory na prezydenta Wszech\u015bwiata\u201d. &#8211; <a href=\"https:\/\/www.vogue.pl\/a\/wolodymyr-zelenski-rola-zycia\">Vouge<\/a><\/span><\/p>\n<p><span style=\"font-weight: 400;\">\u201e W pewnym sensie Wo\u0142odymyr Ze\u0142enski przypomina wielkich przyw\u00f3dc\u00f3w z przesz\u0142o\u015bci &#8211; nikt si\u0119 nie spodziewa\u0142, \u017ce stanie si\u0119 tym, kim si\u0119 sta\u0142. Podobnie jak Ronald Reagan, Ze\u0142enski Nie jest zawodowym politykiem, co umniejsza\u0142o jego warto\u015b\u0107 w oczach innych przyw\u00f3dc\u00f3w i opinii mi\u0119dzynarodowej (Reagan dwukrotnie przegrywa\u0142 w prawyborach na kandydata na prezydenta). Zanim wybuch\u0142a wojna podobnie jak Winston Churchill &#8211; przeszed\u0142 drog\u0119 od &#8211; nadziei narodu- do kompletnego rozczarowania i negacji. Dzi\u015b trudno sobie wyobrazi\u0107, jak potoczy\u0142aby si\u0119 historia, gdyby nie ich w niej udzia\u0142.\u201d<\/span><span style=\"font-weight: 400;\"><\/span><\/p>\n<p><span style=\"font-weight: 400;\">Ka\u017cde z przem\u00f3wie\u0144 Zelenskiego po wybuchu wojny to wyst\u0119p \u017cycia. Niejednokrotnie osoby, kt\u00f3re t\u0142umacz\u0105 w telewizji s\u0142owa prezydenta ukrainy, nie mog\u0105 powstrzyma\u0107 si\u0119 od \u0142ez.\u00a0<\/span><\/p>\n<p><span style=\"font-weight: 400;\">\u201cJe\u015bli WWP my\u015bli, \u017ce burz\u0105c domy, zabijaj\u0105c cywil\u00f3w armia rosyjska z\u0142amie wol\u0119 i ducha Obro\u0144c\u00f3w Ukrainy, to g\u0142\u0119boko si\u0119 myli. Ka\u017cdy zniszczony dom i ka\u017cda kolejna ofiara zabita rosyjskim pociskiem wzmaga w Obro\u0144cach op\u00f3r i wol\u0119 zwyci\u0119stwa.\u201d &#8211; Prezydent Ukrainy Wo\u0142odymyr Ze\u0142enski<\/span><\/p>\n<p><span style=\"font-weight: 400;\">Taki przyw\u00f3dca daje nam nadziej\u0119!<\/span><\/p>\n<p>[\/et_pb_text][et_pb_text _builder_version=&#8221;4.14.8&#8243; _module_preset=&#8221;default&#8221; text_font_size=&#8221;18px&#8221; header_5_font=&#8221;|600|||||||&#8221; header_5_font_size=&#8221;18px&#8221; global_colors_info=&#8221;{}&#8221;]<\/p>\n<h4><span style=\"font-weight: 400;\">Artyku\u0142y warte przeczytania:\u00a0<\/span><\/h4>\n<p><strong>\u201cCzy pani si\u0119 dzi\u015b boi?&#8221;<\/strong><b> &#8211; <\/b><span style=\"font-weight: 400;\">Tak, boj\u0119 si\u0119. My\u015bl\u0119, \u017ce jak kto\u015b si\u0119 dzi\u015b nie boi, to nie wie albo nie rozumie, co si\u0119 sta\u0142o. Najtrudniej maj\u0105 osoby, kt\u00f3re prze\u017cy\u0142y jak\u0105\u015b traum\u0119, bo ona teraz o\u017cywa. I to nie musi by\u0107 wcale wspomnienie, jak si\u0119 sta\u0142o przed plutonem egzekucyjnym, wystarcz\u0105 wojenne filmy, kt\u00f3re kto\u015b obejrza\u0142 i ksi\u0105\u017cki, kt\u00f3re przeczyta\u0142. Naszemu m\u00f3zgowi jest wszystko jedno, czy co\u015b si\u0119 dzieje naprawd\u0119, czy my sobie to tylko wyobra\u017camy. Dla wra\u017cliwych os\u00f3b jest to straszliwy dzie\u0144.\u201d &#8211; <\/span><a href=\"https:\/\/weekend.gazeta.pl\/weekend\/7,183331,28151661,wojna-w-ukrainie-jak-sie-nie-dac-panice-dla-wrazliwych-osob.html\"><span style=\"font-weight: 400;\">Wojna w Ukrainie jak nie da\u0107 si\u0119 panice?<\/span><\/a><\/p>\n<p><span style=\"font-weight: 400;\">\u201c<\/span><span style=\"font-weight: 400;\">Tu\u017c obok Nas, za nasz\u0105 granic\u0105, dzisiaj rano rozpocz\u0119\u0142a si\u0119 wojna. Tu\u017c obok nas s\u0105 ludzie z Ukrainy \u2013 przyjaciele i przyjaci\u00f3\u0142ki, koledzy i kole\u017canki dzieci ze szko\u0142y\/przedszkola, wsp\u00f3\u0142pracownicy i wsp\u00f3\u0142pracownice. Tu\u017c obok nas, czasami w towarzystwie nas obserwujemy rozpacz ludzi, kt\u00f3rych kraj rozpada si\u0119 na kawa\u0142ki, l\u0119k o najbli\u017cszych, wybory: wraca\u0107, czy zosta\u0107? W nas jest mn\u00f3stwo l\u0119ku, smutku, z\u0142o\u015bci, rozpaczy\u2026 Tu\u017c obok nas, w obliczu tych wszystkich wydarze\u0144 s\u0105 nasze dzieci. Jak je wspiera\u0107? Jak si\u0119 o nie troszczy\u0107? I (czy) rozmawia\u0107 z dzie\u0107mi o wojnie w Ukrainie?\u201d-\u00a0 <\/span><a href=\"https:\/\/dzieciecapsychologia.pl\/jak-wspierac-i-czy-rozmawiac-z-dziecmi-o-wojnie-w-ukrainie\/?fbclid=IwAR14ays4AYVCQG_EtA23rTDXoutPSjGGBpLEeu-FeI67rh1eH-XNqvq8qCs\"><span style=\"font-weight: 400;\">Jak wspiera\u0107 i (czy) rozmawia\u0107 z dzie\u0107mi o wojnie w Ukrainie?\u00a0<\/span><\/a><\/p>\n<p><span style=\"font-weight: 400;\">\u201cPotrzebujemy by\u0107 silni psychicznie. Je\u015bli teraz zam\u0119czymy nasz umys\u0142 przewidywaniami, zamartwianiem si\u0119, doniesieniami, wa\u0142kowaniem tego, panikowaniem, nie b\u0119dziemy silni, gdy przyjdzie potrzeba.\u201d &#8211; <\/span><a href=\"https:\/\/www.tekstualna.pl\/chodzilismy-spac-o-1800-by-nie-czuc-glodu-rozmowa-o-wojnie-z-narine-szostak\/\" target=\"_blank\" rel=\"noopener\"><span style=\"font-weight: 400;\">Chodzili\u015bmy spa\u0107 o 18:00, by nie czu\u0107 g\u0142odu<\/span><\/a><span style=\"font-weight: 400;\">.<\/span><\/p>\n<p><span style=\"font-weight: 400;\"><span>Kiedy zastanawiamy si\u0119 nad strat\u0105, mamy na my\u015bli te najwa\u017cniejsze \u2014 kt\u00f3ra niesie <\/span><strong>\u015bmier\u0107<\/strong><span>, utrat\u0119 tych, kt\u00f3rych kochamy. A przecie\u017c<\/span><span> <\/span><strong>do\u015bwiadczenie straty towarzyszy nam w \u017cyciu znacznie cz\u0119\u015bciej &#8211; <\/strong><a href=\"http:\/\/vaxhoib.cluster100.hosting.ovh.net\/strach-jak-sobie-z-nim-radzic\/\">Strach\u00a0<\/a><\/span><\/p>\n<p>[\/et_pb_text][\/et_pb_column][\/et_pb_row][\/et_pb_section][et_pb_section fb_built=&#8221;1&#8243; module_id=&#8221;grupa&#8221; _builder_version=&#8221;4.7.3&#8243; _module_preset=&#8221;default&#8221; custom_margin=&#8221;-28px||||false|false&#8221; global_colors_info=&#8221;{}&#8221;][et_pb_row module_id=&#8221;nadzieja&#8221; _builder_version=&#8221;4.6.5&#8243; _module_preset=&#8221;default&#8221; custom_margin=&#8221;-20px||-20px||false|false&#8221; global_colors_info=&#8221;{}&#8221;][et_pb_column type=&#8221;4_4&#8243; _builder_version=&#8221;4.6.5&#8243; _module_preset=&#8221;default&#8221; global_colors_info=&#8221;{}&#8221;][et_pb_social_media_follow _builder_version=&#8221;4.6.5&#8243; _module_preset=&#8221;default&#8221; custom_margin=&#8221;-11px||-11px||false|false&#8221; global_colors_info=&#8221;{}&#8221;][et_pb_social_media_follow_network social_network=&#8221;facebook&#8221; _builder_version=&#8221;4.6.5&#8243; _module_preset=&#8221;default&#8221; background_color=&#8221;#3b5998&#8243; global_colors_info=&#8221;{}&#8221; follow_button=&#8221;off&#8221; url_new_window=&#8221;on&#8221;]facebook[\/et_pb_social_media_follow_network][et_pb_social_media_follow_network social_network=&#8221;twitter&#8221; _builder_version=&#8221;4.6.5&#8243; _module_preset=&#8221;default&#8221; background_color=&#8221;#00aced&#8221; global_colors_info=&#8221;{}&#8221; follow_button=&#8221;off&#8221; url_new_window=&#8221;on&#8221;]twitter[\/et_pb_social_media_follow_network][et_pb_social_media_follow_network social_network=&#8221;instagram&#8221; _builder_version=&#8221;4.6.5&#8243; _module_preset=&#8221;default&#8221; background_color=&#8221;#ea2c59&#8243; global_colors_info=&#8221;{}&#8221; follow_button=&#8221;off&#8221; url_new_window=&#8221;on&#8221;]instagram[\/et_pb_social_media_follow_network][et_pb_social_media_follow_network social_network=&#8221;pinterest&#8221; _builder_version=&#8221;4.6.5&#8243; _module_preset=&#8221;default&#8221; background_color=&#8221;#cb2027&#8243; global_colors_info=&#8221;{}&#8221; follow_button=&#8221;off&#8221; url_new_window=&#8221;on&#8221;]pinterest[\/et_pb_social_media_follow_network][et_pb_social_media_follow_network social_network=&#8221;rss&#8221; _builder_version=&#8221;4.6.5&#8243; _module_preset=&#8221;default&#8221; background_color=&#8221;#ff8a3c&#8221; global_colors_info=&#8221;{}&#8221; follow_button=&#8221;off&#8221; url_new_window=&#8221;on&#8221;]rss[\/et_pb_social_media_follow_network][\/et_pb_social_media_follow][\/et_pb_column][\/et_pb_row][\/et_pb_section][et_pb_section fb_built=&#8221;1&#8243; admin_label=&#8221;Related Articles&#8221; _builder_version=&#8221;4.6.5&#8243; custom_margin=&#8221;-100px||||false|false&#8221; global_colors_info=&#8221;{}&#8221;][et_pb_row _builder_version=&#8221;4.6.5&#8243; global_colors_info=&#8221;{}&#8221;][et_pb_column type=&#8221;4_4&#8243; _builder_version=&#8221;3.26.6&#8243; global_colors_info=&#8221;{}&#8221;][et_pb_text _builder_version=&#8221;3.27.4&#8243; header_2_font=&#8221;Montserrat|700|||||||&#8221; header_2_font_size=&#8221;70px&#8221; header_2_line_height=&#8221;1.2em&#8221; max_width=&#8221;750px&#8221; header_2_font_size_tablet=&#8221;48px&#8221; header_2_font_size_phone=&#8221;36px&#8221; header_2_font_size_last_edited=&#8221;on|desktop&#8221; locked=&#8221;off&#8221; global_colors_info=&#8221;{}&#8221;]<\/p>\n<h2>Related Articles<\/h2>\n<p>[\/et_pb_text][et_pb_text _builder_version=&#8221;4.6.5&#8243; text_font=&#8221;Poppins|700|||||||&#8221; text_text_color=&#8221;rgba(0,0,0,0.06)&#8221; text_font_size=&#8221;107px&#8221; text_line_height=&#8221;1.2em&#8221; custom_margin=&#8221;-120px|||-120px|false|false&#8221; custom_margin_tablet=&#8221;-90px|||-60px|false|false&#8221; custom_margin_phone=&#8221;-70px|||-40px|false|false&#8221; custom_margin_last_edited=&#8221;on|desktop&#8221; text_font_size_tablet=&#8221;80px&#8221; text_font_size_phone=&#8221;60px&#8221; text_font_size_last_edited=&#8221;on|phone&#8221; locked=&#8221;off&#8221; global_colors_info=&#8221;{}&#8221;]<\/p>\n<p><span style=\"color: rgba(0, 0, 0, 0.06);\">Related<\/span><\/p>\n<p>[\/et_pb_text][et_pb_blog fullwidth=&#8221;off&#8221; posts_number=&#8221;3&#8243; include_categories=&#8221;current&#8221; show_thumbnail=&#8221;off&#8221; show_more=&#8221;on&#8221; show_excerpt=&#8221;off&#8221; show_pagination=&#8221;off&#8221; _builder_version=&#8221;4.6.5&#8243; header_level=&#8221;h4&#8243; header_font=&#8221;Open Sans|700|||||||&#8221; header_font_size=&#8221;22px&#8221; header_line_height=&#8221;1.4em&#8221; meta_font=&#8221;Open Sans||||||||&#8221; meta_font_size=&#8221;12px&#8221; meta_line_height=&#8221;1.8em&#8221; read_more_font=&#8221;|600||on|||||&#8221; read_more_text_color=&#8221;#fa6900&#8243; read_more_font_size=&#8221;12px&#8221; read_more_letter_spacing=&#8221;4px&#8221; read_more_line_height=&#8221;1.8em&#8221; text_orientation=&#8221;center&#8221; border_color_all=&#8221;#e6e6e6&#8243; global_colors_info=&#8221;{}&#8221;][\/et_pb_blog][\/et_pb_column][\/et_pb_row][\/et_pb_section]<\/p>\n","protected":false},"excerpt":{"rendered":"<p>Nie tak mia\u0142o by\u0107. Nie tak rozwi\u0105zuje si\u0119 problemy w obecnych czasach. Putin czy da si\u0119 go powstrzyma\u0107? Wojna Rosja &#8211; Ukraina!<\/p>\n","protected":false},"author":3,"featured_media":14374,"comment_status":"open","ping_status":"open","sticky":false,"template":"","format":"standard","meta":{"_et_pb_use_builder":"on","_et_pb_old_content":"","_et_gb_content_width":"","footnotes":""},"categories":[2,3,4,5],"tags":[13,14,86,783,866,920,937,1035,1050,1084,1085],"class_list":["post-14353","post","type-post","status-publish","format-standard","has-post-thumbnail","hentry","category-blog-odrudej","category-mama-i-dziecko","category-relacje","category-rozwoj-osobisty","tag-24-lutego","tag-24-luty-2022","tag-bohaterowie-ukrainy","tag-prezydent-ukrainy","tag-rosja","tag-slava-ukraine","tag-solidarnie-z-ukraina","tag-ukraina","tag-walka","tag-wojna-rosja","tag-wojna-rosja-ukraina"],"_links":{"self":[{"href":"http:\/\/vaxhoib.cluster100.hosting.ovh.net\/index.php\/wp-json\/wp\/v2\/posts\/14353","targetHints":{"allow":["GET"]}}],"collection":[{"href":"http:\/\/vaxhoib.cluster100.hosting.ovh.net\/index.php\/wp-json\/wp\/v2\/posts"}],"about":[{"href":"http:\/\/vaxhoib.cluster100.hosting.ovh.net\/index.php\/wp-json\/wp\/v2\/types\/post"}],"author":[{"embeddable":true,"href":"http:\/\/vaxhoib.cluster100.hosting.ovh.net\/index.php\/wp-json\/wp\/v2\/users\/3"}],"replies":[{"embeddable":true,"href":"http:\/\/vaxhoib.cluster100.hosting.ovh.net\/index.php\/wp-json\/wp\/v2\/comments?post=14353"}],"version-history":[{"count":0,"href":"http:\/\/vaxhoib.cluster100.hosting.ovh.net\/index.php\/wp-json\/wp\/v2\/posts\/14353\/revisions"}],"wp:featuredmedia":[{"embeddable":true,"href":"http:\/\/vaxhoib.cluster100.hosting.ovh.net\/index.php\/wp-json\/"}],"wp:attachment":[{"href":"http:\/\/vaxhoib.cluster100.hosting.ovh.net\/index.php\/wp-json\/wp\/v2\/media?parent=14353"}],"wp:term":[{"taxonomy":"category","embeddable":true,"href":"http:\/\/vaxhoib.cluster100.hosting.ovh.net\/index.php\/wp-json\/wp\/v2\/categories?post=14353"},{"taxonomy":"post_tag","embeddable":true,"href":"http:\/\/vaxhoib.cluster100.hosting.ovh.net\/index.php\/wp-json\/wp\/v2\/tags?post=14353"}],"curies":[{"name":"wp","href":"https:\/\/api.w.org\/{rel}","templated":true}]}}